{"id":78,"date":"2005-05-06T06:25:44","date_gmt":"2005-05-06T06:25:44","guid":{"rendered":"http:\/\/www.moebius77.com\/blog2\/?p=78"},"modified":"2005-05-06T06:25:44","modified_gmt":"2005-05-06T06:25:44","slug":"resena-al-nuevo-cojo-ilustrado","status":"publish","type":"post","link":"http:\/\/www.moebius77.com\/blog2\/2005\/05\/resena-al-nuevo-cojo-ilustrado\/","title":{"rendered":"Resena al Nuevo Cojo Ilustrado"},"content":{"rendered":"<p>Escrito aparecido en VisualMente <a href=\"http:\/\/visualmente.blogspot.com\/2005\/05\/le-pintaron-la-cara.html\">http:\/\/visualmente.blogspot.com\/2005\/05\/le-pintaron-la-cara.html<\/a><\/p>\n<p><!--more--><\/p>\n<p>Acaba de salir una nueva publicaci\u00f3n en EE.UU. y es de la comunidad latina. La calidad y el estilo period\u00edstico sobrio contrastan con la t\u00edpica visi\u00f3n que se tiene de las publicaciones para los latinos expatriados. Si no fuera por la portada, cualquiera podr\u00eda creer que se trata de un n\u00famero especial de la revista de alg\u00fan diario como el &#8220;The New York Times&#8221;. Pero en su editorial se disipan todas las dudas. &#8220;A partir de esta edici\u00f3n, y tras dos a\u00f1os de existencia en Internet, &#8220;El Nuevo Cojo Ilustrado&#8221; ser\u00e1 publicado mensualmente de forma impresa en la ciudad de Nueva York, y mediante este editorial queremos presentar nuestro peri\u00f3dico y contar un poco de su historia y objetivos&#8221;, empieza su director el venezolano Gustavo Morales. Luego de aclarar que su nombre es un homenaje a una revista venezolana del siglo XIX (&#8220;El Cojo Ilustrado&#8221;), Morales arremete con fuerza para plantear la ideolog\u00eda del proyecto. &#8220;Uno de los mayores problemas que enfrentamos los hispanos en Estados Unidos es nuestra propia identidad, ya que no importa de cu\u00e1l de los veinti\u00fan pa\u00edses de habla espa\u00f1ola provengamos, una vez que pasamos inmigraci\u00f3n (o la frontera si es el caso) nos convertimos en parte de esa masa homog\u00e9nea denominada latinos, cuando en realidad somos un grupo demasiado diverso para ser etiquetados bajo un solo emblema. A pesar de que estamos ligados por un idioma y una historia com\u00fan, los hispanos representamos una gran variedad de idiosincrasias que no necesitaban ser reemplazadas, diluidas o distorsionadas como lo han sido, creando esa diferencia entre la forma en que nos ven en los EE.UU. y lo que en realidad somos&#8221;. <br \/>Con una prosa que recuerda a la mejor arenga libertaria, Morales conoce a su p\u00fablico y sabe que lo visual ayuda a fijar conceptos un poco lejanos como la identidad. &#8220;Es decir, en los EE.UU. los hispanos no somos Neruda, Maradona, Bol\u00edvar o tan siquiera Almod\u00f3var. Si le pidi\u00e9semos a un norteamericano que nombrara a tres hispanos la respuesta podr\u00eda ser hasta ofensiva, algo as\u00ed como Ricky Martin, Jennifer L\u00f3pez y Pinochet&#8221;. Y luego de poner como coautores de \u00e9sta confusi\u00f3n medi\u00e1tica a los propios latinos, aclara su target: &#8221; Nos enfocamos especialmente en los hispanos de segunda y tercera generaci\u00f3n, que poco a poco han ido perdiendo contacto con sus ra\u00edces hasta el punto que si hici\u00e9ramos la misma pregunta de arriba a uno de ellos, la respuesta ser\u00eda similar por falta de exposici\u00f3n al pa\u00eds de origen de sus padres o abuelos&#8221;. <br \/>Y el diferencial m\u00e1s contundente es la portada realizada por el artista catal\u00e1n Adolf, quien eligi\u00f3 pintarle la cara a los gringos con un concepto que ning\u00fan nativo del norte se animar\u00eda. <br \/>&#8220;La p\u00e1gina es de mucha calidad, y yo no se exactamente qu\u00e9 puedo contarte. Soy un infiltrado en el mundo de la ilustraci\u00f3n&#8221;, sostiene humildemente el autor.<\/p>\n","protected":false},"excerpt":{"rendered":"<p>Escrito aparecido en VisualMente <a href=\"http:\/\/visualmente.blogspot.com\/2005\/05\/le-pintaron-la-cara.html\">http:\/\/visualmente.blogspot.com\/2005\/05\/le-pintaron-la-cara.html<\/a><\/p>\n<p> <a href=\"http:\/\/www.moebius77.com\/blog2\/2005\/05\/resena-al-nuevo-cojo-ilustrado\/\">Continue reading <span class=\"meta-nav\">&rarr;<\/span><\/a><\/p>\n","protected":false},"author":2,"featured_media":0,"comment_status":"open","ping_status":"open","sticky":false,"template":"","format":"standard","meta":{"footnotes":""},"categories":[1],"tags":[],"class_list":["post-78","post","type-post","status-publish","format-standard","hentry","category-antiguas-entradas"],"_links":{"self":[{"href":"http:\/\/www.moebius77.com\/blog2\/wp-json\/wp\/v2\/posts\/78","targetHints":{"allow":["GET"]}}],"collection":[{"href":"http:\/\/www.moebius77.com\/blog2\/wp-json\/wp\/v2\/posts"}],"about":[{"href":"http:\/\/www.moebius77.com\/blog2\/wp-json\/wp\/v2\/types\/post"}],"author":[{"embeddable":true,"href":"http:\/\/www.moebius77.com\/blog2\/wp-json\/wp\/v2\/users\/2"}],"replies":[{"embeddable":true,"href":"http:\/\/www.moebius77.com\/blog2\/wp-json\/wp\/v2\/comments?post=78"}],"version-history":[{"count":0,"href":"http:\/\/www.moebius77.com\/blog2\/wp-json\/wp\/v2\/posts\/78\/revisions"}],"wp:attachment":[{"href":"http:\/\/www.moebius77.com\/blog2\/wp-json\/wp\/v2\/media?parent=78"}],"wp:term":[{"taxonomy":"category","embeddable":true,"href":"http:\/\/www.moebius77.com\/blog2\/wp-json\/wp\/v2\/categories?post=78"},{"taxonomy":"post_tag","embeddable":true,"href":"http:\/\/www.moebius77.com\/blog2\/wp-json\/wp\/v2\/tags?post=78"}],"curies":[{"name":"wp","href":"https:\/\/api.w.org\/{rel}","templated":true}]}}