{"id":766,"date":"2010-03-26T08:58:34","date_gmt":"2010-03-26T08:58:34","guid":{"rendered":"http:\/\/www.moebius77.com\/blog2\/?p=766"},"modified":"2010-03-26T08:59:51","modified_gmt":"2010-03-26T08:59:51","slug":"represion-light-del-siglo-xxi","status":"publish","type":"post","link":"http:\/\/www.moebius77.com\/blog2\/2010\/03\/represion-light-del-siglo-xxi\/","title":{"rendered":"Represi\u00f3n *light* del siglo XXI"},"content":{"rendered":"<p><img loading=\"lazy\" decoding=\"async\" class=\"alignright\" src=\"http:\/\/i204.photobucket.com\/albums\/bb55\/fifikokot\/fuck-you.jpg\" alt=\"\" width=\"240\" height=\"412\" \/>Lamentablemente, creo que esta es la primera vez que me sucede que no tengo nada que decir aparte de dejar sentado lo obvio.<\/p>\n<p>\u00bfSirve de algo el ejercicio necio de decir &#8220;<a href=\"http:\/\/www.moebius77.com\/blog2\/2009\/08\/la-banalizacion-del-mal-en-venezuela\/\">te lo dije<\/a>&#8220;? \u00bfDe volver sobre <a href=\"http:\/\/li.co.ve\/bgY\">todos los s\u00edntomas<\/a> que decenas de internautas vienen subrayando hace a\u00f1os? \u00bfEstiramos el \u00edndice para empujar la ficha del \u00e1baco y <a href=\"http:\/\/www.moebius77.com\/blog2\/2009\/05\/la-nueva-derecha-en-venezuela-relativismo-y-sofismas-para-atentar-contra-el-ciudadano\/\">sumar un militar m\u00e1s<\/a>, un goril\u00f3n m\u00e1s, que no entiende las cr\u00edticas, se rodea de aduladores y persigue gente que opina?<\/p>\n<p>Que las personas se hagan responsables de sus opiniones es una cosa.<\/p>\n<p>Que el Estado empiece a perseguir sistem\u00e1ticamente a sus opositores, utilizando todos los medios a su disposici\u00f3n para <a href=\"http:\/\/www.codigovenezuela.com\/2009\/10\/crueldad-e-inconsecuencia\/\">insultar, difamar y agredir personas<\/a>, para luego procesarlos penalmente por&#8230; \u00a1insultar, difamar y agredir!, es una caricatura mala, un vaudeville rancio, una \u00f3pera bufa de democracia.<\/p>\n<p><a href=\"http:\/\/www.moebius77.com\/blog2\/2010\/03\/%C2%BFa-esto-hemos-llegado\/\">Todo ha sido gradual<\/a> y no hay que ser vidente para entender que las cosas empeorar\u00e1n. Las persecuciones penales crecer\u00e1n, <a href=\"http:\/\/noticiaaldia.com\/2009\/12\/colegio-de-psicologos-pide-al-gobierno-reflexion-sobre-franklin-brito\/\">los argumentos ser\u00e1n cada vez m\u00e1s descabellados<\/a> y la historia recordar\u00e1 a Diosdado, Luisa Ortega D\u00edaz, Cilia Flores y dem\u00e1s teruferarios como una triste representaci\u00f3n de nuestro fascismo del siglo XXI.<\/p>\n<p><strong>Les prometo esto: no se salvar\u00e1n.<\/strong> Tenemos d\u00e9cadas intentando luchar contra el control de la historia y luchando por la construcci\u00f3n de m\u00e9todos alternativos.<\/p>\n<p>Esto es el siglo XXI, muchachas, y por m\u00e1s asesor\u00eda en mass-media que les haya dado <a href=\"http:\/\/www.panfletonegro.com\/volante\/2010\/01\/20\/%C2%BFdonde-esta-luis-britto-garcia\/\">Luis Britto Garc\u00eda<\/a>, ac\u00e1 <a href=\"http:\/\/tfustudios.blogspot.com\/2009\/11\/commissar-vanishes.html\">Stalin no puede borrar gente de las fotos<\/a>. Ac\u00e1, Fidel no puede hacer desaparecer a Camilo sin que alguien tome una foto y lo twitee.<\/p>\n<p>Ac\u00e1, no nos pueden controlar (aunque s\u00ed amenazar, como bien lo hicieron en el foro de PanfletoNegro).<\/p>\n<p>As\u00ed que ag\u00e1rrense, porque les toca bailar pega&#8217;o.<\/p>\n<p>\u00bfNo les gusta que la gente cuente <em>su lado<\/em> de la historia? \u00bfNo les gusta que la gente denuncie a Diosdado (lo cual conduce a que cierren tu emisora) o ventile la corrupci\u00f3n del clan Ch\u00e1vez? \u00bfCreen poder controlar esto, hacerlo desaparecer, barrerlo debajo de la alfombra?<\/p>\n<p><strong>Est\u00e1n equivocados. Internet se convertir\u00e1 en una di\u00e1spora de voces alternativas, en una gran base de datos de sus atropellos. <\/strong><\/p>\n<p>La historia no los absolver\u00e1.<\/p>\n<p>Est\u00e1n avisados.<\/p>\n<p>L\u00e9anlo.<\/p>\n<p>Y lloren.<\/p>\n","protected":false},"excerpt":{"rendered":"<p>Lamentablemente, creo que esta es la primera vez que me sucede que no tengo nada que decir aparte de dejar sentado lo obvio. \u00bfSirve de algo el ejercicio necio de decir &#8220;te lo dije&#8220;? \u00bfDe volver sobre todos los s\u00edntomas &hellip; <a href=\"http:\/\/www.moebius77.com\/blog2\/2010\/03\/represion-light-del-siglo-xxi\/\">Continue reading <span class=\"meta-nav\">&rarr;<\/span><\/a><\/p>\n","protected":false},"author":4,"featured_media":0,"comment_status":"open","ping_status":"open","sticky":false,"template":"","format":"standard","meta":{"footnotes":""},"categories":[16,20],"tags":[95,43,153,49,44],"class_list":["post-766","post","type-post","status-publish","format-standard","hentry","category-moebius77","category-personas-apedrear","tag-control","tag-democracia","tag-liberta","tag-libertad-de-expresion","tag-venezuela"],"_links":{"self":[{"href":"http:\/\/www.moebius77.com\/blog2\/wp-json\/wp\/v2\/posts\/766","targetHints":{"allow":["GET"]}}],"collection":[{"href":"http:\/\/www.moebius77.com\/blog2\/wp-json\/wp\/v2\/posts"}],"about":[{"href":"http:\/\/www.moebius77.com\/blog2\/wp-json\/wp\/v2\/types\/post"}],"author":[{"embeddable":true,"href":"http:\/\/www.moebius77.com\/blog2\/wp-json\/wp\/v2\/users\/4"}],"replies":[{"embeddable":true,"href":"http:\/\/www.moebius77.com\/blog2\/wp-json\/wp\/v2\/comments?post=766"}],"version-history":[{"count":3,"href":"http:\/\/www.moebius77.com\/blog2\/wp-json\/wp\/v2\/posts\/766\/revisions"}],"predecessor-version":[{"id":768,"href":"http:\/\/www.moebius77.com\/blog2\/wp-json\/wp\/v2\/posts\/766\/revisions\/768"}],"wp:attachment":[{"href":"http:\/\/www.moebius77.com\/blog2\/wp-json\/wp\/v2\/media?parent=766"}],"wp:term":[{"taxonomy":"category","embeddable":true,"href":"http:\/\/www.moebius77.com\/blog2\/wp-json\/wp\/v2\/categories?post=766"},{"taxonomy":"post_tag","embeddable":true,"href":"http:\/\/www.moebius77.com\/blog2\/wp-json\/wp\/v2\/tags?post=766"}],"curies":[{"name":"wp","href":"https:\/\/api.w.org\/{rel}","templated":true}]}}