{"id":22,"date":"2006-03-14T01:17:01","date_gmt":"2006-03-14T01:17:01","guid":{"rendered":"http:\/\/www.moebius77.com\/blog2\/?p=22"},"modified":"2006-03-14T01:17:01","modified_gmt":"2006-03-14T01:17:01","slug":"francia-se-cae-a-pedazos","status":"publish","type":"post","link":"http:\/\/www.moebius77.com\/blog2\/2006\/03\/francia-se-cae-a-pedazos\/","title":{"rendered":"Francia se cae a pedazos"},"content":{"rendered":"<p><img decoding=\"async\" src=\"\/blog\/images\/cpe5.jpg\" height=\"70\"\/> <\/p>\n<p>Las manifestaciones en Francia contra el proyecto de C.P.E. pasado por el gobierno se multiplican. 49 Universidades han sido tomadas y llaman a la huelga general.<\/p>\n<p><!--more--><br \/>\n<html xmlns:o=\"urn:schemas-microsoft-com:office:office\" xmlns:w=\"urn:schemas-microsoft-com:office:word\" xmlns=\"http:\/\/www.w3.org\/TR\/REC-html40\"> <head> <meta http-equiv=Content-Type content=\"text\/html; charset=windows-1252\"> <meta name=ProgId content=Word.Document> <meta name=Generator content=\"Microsoft Word 9\"> <meta name=Originator content=\"Microsoft Word 9\"> <link rel=File-List href=\".\/CPE_files\/filelist.xml\"> <title>\u00bfQu\u00e9 es el C<\/title> <!--[if gte mso 9]><xml>  <o:DocumentProperties>   <o:Author>Ulive-Schnell<\/o:Author>   <o:Template>vicenteESP<\/o:Template>   <o:LastAuthor>Ulive-Schnell<\/o:LastAuthor>   <o:Revision>2<\/o:Revision>   <o:TotalTime>29<\/o:TotalTime>   <o:LastPrinted>1601-01-01T00:00:00Z<\/o:LastPrinted>   <o:Created>2006-03-13T23:42:00Z<\/o:Created>   <o:LastSaved>2006-03-14T00:11:00Z<\/o:LastSaved>   <o:Pages>1<\/o:Pages>   <o:Lines>1<\/o:Lines>   <o:Paragraphs>1<\/o:Paragraphs>   <o:Version>9.3821<\/o:Version>  <\/o:DocumentProperties> <\/xml><![endif]--><!--[if gte mso 9]><xml>  <w:WordDocument>   <w:AttachedTemplate    HRef=\"C:\\Documents and Settings\\Vicente\\Application Data\\Microsoft\\Templates\\vicenteESP.dot\"><\/w:AttachedTemplate>   <w:HyphenationZone>21<\/w:HyphenationZone>   <w:DrawingGridHorizontalSpacing>1.2 pt<\/w:DrawingGridHorizontalSpacing>   <w:DisplayHorizontalDrawingGridEvery>0<\/w:DisplayHorizontalDrawingGridEvery>   <w:DisplayVerticalDrawingGridEvery>2<\/w:DisplayVerticalDrawingGridEvery>   <w:Compatibility>    <w:FootnoteLayoutLikeWW8\/>    <w:ShapeLayoutLikeWW8\/>    <w:AlignTablesRowByRow\/>    <w:ForgetLastTabAlignment\/>    <w:LayoutRawTableWidth\/>    <w:LayoutTableRowsApart\/>   <\/w:Compatibility>  <\/w:WordDocument> <\/xml><![endif]--> <\/p>\n<style> <!--  \/* Font Definitions *\/ @font-face \t{font-family:Copperplate32bc; \tpanose-1:0 0 0 0 0 0 0 0 0 0; \tmso-font-charset:0; \tmso-generic-font-family:swiss; \tmso-font-format:other; \tmso-font-pitch:variable; \tmso-font-signature:3 0 0 0 1 0;}  \/* Style Definitions *\/ p.MsoNormal, li.MsoNormal, div.MsoNormal \t{mso-style-parent:\"\"; \tmargin:0cm; \tmargin-bottom:.0001pt; \tmso-pagination:widow-orphan; \tfont-size:11.0pt; \tmso-bidi-font-size:10.0pt; \tfont-family:Copperplate32bc; \tmso-fareast-font-family:\"Times New Roman\"; \tmso-bidi-font-family:\"Times New Roman\"; \tletter-spacing:1.0pt; \tmso-ansi-language:FR;} h1 \t{mso-style-next:Normal; \tmargin:0cm; \tmargin-bottom:.0001pt; \ttext-align:center; \ttext-indent:36.0pt; \tmso-pagination:widow-orphan; \tpage-break-after:avoid; \tmso-outline-level:1; \tfont-size:12.0pt; \tmso-bidi-font-size:10.0pt; \tfont-family:Copperplate32bc; \tletter-spacing:1.0pt; \tmso-font-kerning:0pt; \tmso-ansi-language:FR;} p.Head4, li.Head4, div.Head4 \t{mso-style-name:\"Head 4\"; \tmargin:0cm; \tmargin-bottom:.0001pt; \ttext-align:justify; \tmso-pagination:widow-orphan; \tfont-size:12.0pt; \tmso-bidi-font-size:10.0pt; \tfont-family:Copperplate32bc; \tmso-fareast-font-family:\"Times New Roman\"; \tmso-bidi-font-family:\"Times New Roman\"; \tletter-spacing:1.0pt; \tmso-ansi-language:FR; \tfont-weight:bold; \tmso-bidi-font-weight:normal; \tfont-style:italic; \tmso-bidi-font-style:normal;} p.Quote, li.Quote, div.Quote \t{mso-style-name:Quote; \tmargin-top:0cm; \tmargin-right:28.05pt; \tmargin-bottom:0cm; \tmargin-left:33.6pt; \tmargin-bottom:.0001pt; \ttext-align:justify; \ttext-indent:1.8pt; \tmso-pagination:widow-orphan; \tfont-size:10.0pt; \tfont-family:Copperplate32bc; \tmso-fareast-font-family:\"Times New Roman\"; \tmso-bidi-font-family:\"Times New Roman\"; \tletter-spacing:1.0pt;} @page Section1 \t{size:21.0cm 842.0pt; \tmargin:70.85pt 3.0cm 70.85pt 3.0cm; \tmso-header-margin:35.45pt; \tmso-footer-margin:35.45pt; \tmso-paper-source:0;} div.Section1 \t{page:Section1;} --> <\/style>\n<p> <\/head> <body lang=EN-US style='tab-interval:35.4pt'> <\/p>\n<div class=Section1>\n<p class=MsoNormal style='text-align:justify'><span lang=ES-VE style='font-size:10.0pt;font-family:Arial;mso-ansi-language:ES-VE'>\u00bfQu\u00e9 es el C.P.E.? Me pregunta la gente. Es un nuevo contrato de trabajo propuesto por el primer ministro franc\u00e9s para reducir el desempleo. Ya que el desempleo toca m\u00e1s a los j\u00f3venes, el C.P.E. es el &#8220;Contrato Inicial&#8221; (<i>premi\u00e8re embauche<\/i>) seg\u00fan el cual se puede contratar gente con un per\u00edodo de prueba de dos a\u00f1os, durante el cual se le puede despedir al antojo del patr\u00f3n y sin justificaci\u00f3n. Al &#8220;empleado&#8221; (si se le puede llamar eso) se le reduce la cobertura de la seguridad social, mientras que al patrono, por ser tan bueno y ayudar a sacar al pa\u00eds del desempleo, se le dan reducciones en impuestos y dem\u00e1s. Una que ni Bartolom\u00e9 de las Casas, el que liber\u00f3 a los indios de la esclavitud, podr\u00eda resolver&#8230; <o:p><\/o:p><\/span><\/p>\n<p> <\/br> <img decoding=\"async\" src=\"\/blog\/images\/cpe4.jpg\" alt=\"\" \/> <\/p>\n<p class=MsoNormal style='text-align:justify'><span lang=ES-VE style='font-size:10.0pt;font-family:Arial;mso-ansi-language:ES-VE'><![if !supportEmptyParas]>&nbsp;<![endif]><o:p><\/o:p><\/span><\/p>\n<p class=MsoNormal style='text-align:justify'><span lang=ES-VE style='font-size:10.0pt;font-family:Arial;mso-ansi-language:ES-VE'>El pa\u00eds se ha vuelto un desastre. Luego de las famosas manifestaciones de j\u00f3venes marginados en los suburbios franceses, ahora se arremete contra los j\u00f3venes <i>tout court<\/i>, marginados o no. Todo esto coronado con la guinda de que el se\u00f1or ministro, como vio que la discusi\u00f3n en la asamblea se estaba retrasando, invoc\u00f3 un art\u00edculo (49 bis, si mal no recuerdo) que le permite &#8220;imponer&#8221; la ley sin pasar por la discusi\u00f3n del congreso. A lo Carmona, pues. <o:p><\/o:p><\/span><\/p>\n<p> <\/br> <img decoding=\"async\" src=\"\/blog\/images\/cpe.jpg\" alt=\"\" \/> <\/br> <img decoding=\"async\" src=\"\/blog\/images\/cpe3.gif\" alt=\"\" \/> <\/p>\n<p class=MsoNormal style='text-align:justify'><span lang=ES-VE style='font-size:10.0pt;font-family:Arial;mso-ansi-language:ES-VE'><![if !supportEmptyParas]>&nbsp;<![endif]><o:p><\/o:p><\/span><\/p>\n<p class=MsoNormal style='text-align:justify'><span lang=ES-VE style='font-size:10.0pt;font-family:Arial;mso-ansi-language:ES-VE'>En fin, el pueblo arrecho reclama sus derechos, y no los culpo, tienen toda la raz\u00f3n. Yo, m\u00e1s all\u00e1 de participar t\u00edmidamente a reuniones en la Universidad y aplaudir con entusiasmo aunque en los momentos equivocados, no encuentro vela en este entierro. Es decir, ir a hacer bulto me parece rid\u00edculo, sobre todo porque ni franc\u00e9s soy y no pienso trabajar aqu\u00ed. Y no creo que sean los estudiantes extranjeros los que tienen que arreglar este asunto en particular. As\u00ed que ando de espectador &#8220;t\u00e1cito&#8221;. Hay quienes est\u00e1n a favor, son una harta minor\u00eda, pero hay bandos para todos&#8230; <o:p><\/o:p><\/span><\/p>\n<p> <\/br> <img decoding=\"async\" src=\"\/blog\/images\/cpe5.jpg\" alt=\"\" \/> <img decoding=\"async\" src=\"\/blog\/images\/cpe6.jpg\" alt=\"\" \/> <\/p>\n<p class=MsoNormal style='text-align:justify'><span lang=ES-VE style='font-size:10.0pt;font-family:Arial;mso-ansi-language:ES-VE'><![if !supportEmptyParas]>&nbsp;<![endif]><o:p><\/o:p><\/span><\/p>\n<p class=MsoNormal style='text-align:justify'><span lang=ES-VE style='font-size:10.0pt;font-family:Arial;mso-ansi-language:ES-VE'>Anteayer, por cierto -aunque eso ya lo saben- la polic\u00eda allan\u00f3 la Sorbona y sac\u00f3 a golpe limpio a los estudiantes que ah\u00ed manifestaban. <o:p><\/o:p><\/span><\/p>\n<p> <\/br> <img decoding=\"async\" src=\"\/blog\/images\/cpe2.jpeg\" height=\"350\"\/> <\/p>\n<p class=MsoNormal style='text-align:justify'><span lang=ES-VE style='font-size:10.0pt;font-family:Arial;mso-ansi-language:ES-VE'><![if !supportEmptyParas]>&nbsp;<![endif]><o:p><\/o:p><\/span><\/p>\n<p class=MsoNormal style='text-align:justify'><span lang=ES-VE style='font-size:10.0pt;font-family:Arial;mso-ansi-language:ES-VE'>Esto se pone caliente&#8230; Les aviso cuando empiece la quemadera de carros. Esto est\u00e1 mejor que el Mayo del &#8217;68. <span style=\"mso-spacerun: yes\"> <\/span><span style=\"mso-spacerun: yes\"> <\/span><o:p><\/o:p><\/span><\/p>\n<\/p><\/div>\n<p> <\/body> <\/html><\/p>\n","protected":false},"excerpt":{"rendered":"<p><img decoding=\"async\" src=\"\/blog\/images\/cpe5.jpg\" height=\"70\"\/> <\/p>\n<p>Las manifestaciones en Francia contra el proyecto de C.P.E. pasado por el gobierno se multiplican. 49 Universidades han sido tomadas y llaman a la huelga general.<\/p>\n<p> <a href=\"http:\/\/www.moebius77.com\/blog2\/2006\/03\/francia-se-cae-a-pedazos\/\">Continue reading <span class=\"meta-nav\">&rarr;<\/span><\/a><\/p>\n","protected":false},"author":2,"featured_media":0,"comment_status":"open","ping_status":"open","sticky":false,"template":"","format":"standard","meta":{"footnotes":""},"categories":[1],"tags":[],"class_list":["post-22","post","type-post","status-publish","format-standard","hentry","category-antiguas-entradas"],"_links":{"self":[{"href":"http:\/\/www.moebius77.com\/blog2\/wp-json\/wp\/v2\/posts\/22","targetHints":{"allow":["GET"]}}],"collection":[{"href":"http:\/\/www.moebius77.com\/blog2\/wp-json\/wp\/v2\/posts"}],"about":[{"href":"http:\/\/www.moebius77.com\/blog2\/wp-json\/wp\/v2\/types\/post"}],"author":[{"embeddable":true,"href":"http:\/\/www.moebius77.com\/blog2\/wp-json\/wp\/v2\/users\/2"}],"replies":[{"embeddable":true,"href":"http:\/\/www.moebius77.com\/blog2\/wp-json\/wp\/v2\/comments?post=22"}],"version-history":[{"count":0,"href":"http:\/\/www.moebius77.com\/blog2\/wp-json\/wp\/v2\/posts\/22\/revisions"}],"wp:attachment":[{"href":"http:\/\/www.moebius77.com\/blog2\/wp-json\/wp\/v2\/media?parent=22"}],"wp:term":[{"taxonomy":"category","embeddable":true,"href":"http:\/\/www.moebius77.com\/blog2\/wp-json\/wp\/v2\/categories?post=22"},{"taxonomy":"post_tag","embeddable":true,"href":"http:\/\/www.moebius77.com\/blog2\/wp-json\/wp\/v2\/tags?post=22"}],"curies":[{"name":"wp","href":"https:\/\/api.w.org\/{rel}","templated":true}]}}