{"id":213,"date":"2006-07-15T14:45:25","date_gmt":"2006-07-15T14:45:25","guid":{"rendered":"http:\/\/www.moebius77.com\/blog2\/?p=213"},"modified":"2006-07-15T14:45:25","modified_gmt":"2006-07-15T14:45:25","slug":"guerra-en-el-medio-oriente-vamos-mejor","status":"publish","type":"post","link":"http:\/\/www.moebius77.com\/blog2\/2006\/07\/guerra-en-el-medio-oriente-vamos-mejor\/","title":{"rendered":"Guerra en el Medio Oriente&#8230; \u00a1Vamos mejor!"},"content":{"rendered":"<p><a href=\"\/blog\/index.php?2006\/07\/15\/193-guerra-en-el-medio-oriente-vamos-mejor\"><img decoding=\"async\" src=\"\/blog\/images\/images2\/Palestine7.jpg\" alt=\"\" \/><\/a> <\/p>\n<p>Parece que estamos frente a una &#8220;guerra abierta&#8221;. Excelentes noticias&#8230; \u00bfLa sangre que se derramar\u00e1 en los d\u00edas siguientes ser\u00e1 suficiente para llenar la copa de la avaricia de los l\u00edderes del Medio Oriente? Triste, muy triste todo&#8230;<\/p>\n<p><!--more--><\/p>\n<p>Recuerdo que en uno de esos infames e inservibles a\u00f1os de colegio, tuve la mala suerte de compartir con el hijo de una de las profesoras. Nunca entend\u00ed bien por qu\u00e9, ni si hab\u00eda reglas en contra del hecho de que el hijo de la profe estuviese en mi clase, pero los hechos eran incontestables, ten\u00edamos que calarnos al consentido.<\/p>\n<p> <\/br> <\/p>\n<p>Por supuesto que lo que se instaur\u00f3 fue una doble moral: Nada se le prohib\u00eda al hijo de la profe. Nosotros no pod\u00edamos jugar con los mu\u00f1ecos <i>Transformer<\/i> en clase, pero \u00e9l s\u00ed. Nosotros no pod\u00edamos usar marcadores para colorear la tarea, pero \u00e9l s\u00ed.<\/p>\n<p> <\/br> <\/p>\n<p>La historia termin\u00f3 cuando los oprimidos del mundo nos unimos y, a pesar de nuestra p\u00e1rvula edad, reclamamos ante la direcci\u00f3n. El supervisor intervino y se asegur\u00f3 de que todos fu\u00e9ramos &#8220;iguales&#8221; (con algunos m\u00e1s iguales que otros, claro est\u00e1 -gui\u00f1o a Orwell).<\/p>\n<p> <\/br> <\/p>\n<p>Entonces, valga la comparaci\u00f3n con el Medio Oriente: As\u00ed como est\u00e1n las cosas actualmente, \u00bfqui\u00e9n pone orden en la pea? \u00bfQui\u00e9n garantiza que todas las naciones sean &#8220;iguales&#8221;? Como ya sabr\u00e1n, Tsahal lleva d\u00edas arrasando con los poblados pobres de Gaza en busca de un soldado secuestrado (&#8220;Salvando al soldado Shalit&#8221;, se llama este cap\u00edtulo). Ahora la ofensiva se ha extendido al L\u00edbano, donde el Hezbollah ha capturado dos soldados israel\u00edes m\u00e1s. Claro que la familia misma del soldado Gilad Shalit ha abogado por una soluci\u00f3n diplom\u00e1tica al asunto, cambiando al soldado por mujeres y ni\u00f1os presos en Israel. Pero eso no sirve, si algo hace falta para ser gobernante, es ser arrogante, necio y est\u00fapido. Bombardeemos civiles.<\/p>\n<p> <\/br> <img decoding=\"async\" src=\"\/blog\/images\/images2\/Palestine2.jpg\" alt=\"\" \/> <\/br> <\/p>\n<p>Ahora bien, no quiero tomar partido en este delicado asunto (aunque se me hace extremadamente dif\u00edcil ver que <i>otro<\/i> partido se pudiese tomar sino el de la condena de la intervenci\u00f3n unilateral Israel\u00ed). Lo que me rompe los cojones en todo esto, es la hipocres\u00eda de la Comunidad Internacional, ONU incluida. Para prueba, un bot\u00f3n: Ayer vi a Chirac en televisi\u00f3n declarando que <b>&#8220;condenaba la violencia y el terrorismo&#8221;<\/b> y llamaba a una vuelta a la calma. \u00bfNo es esto t\u00edpico de nuestros l\u00edderes gui\u00f1olescos? \u00bfQu\u00e9 sentido tiene condenar una <i>reacci\u00f3n<\/i> sin aludir en lo m\u00e1s m\u00ednimo a las acciones que llevan a tal reacci\u00f3n? Qu\u00e9 mundillo, eh, donde la gente puede reflexionar con lucidez si se trata del cabezazo de Zidane (&#8220;si le dio un cabezazo debe haber sido por algo, qu\u00e9 le dijeron&#8221;, etc.) pero son absolutamente incapaces de hilvanar una sola frase coherente cuando se trata de este conflicto. &#8220;Condenamos al Hezbollah&#8221;, dicen todos; pero co\u00f1o (y me perdonan el lenguaje), cuando un ej\u00e9rcito invade un pa\u00eds, destruye su aeropuerto, acribilla ciudadanos inocentes y bombardea edificios oficiales; un pa\u00eds est\u00e1 en su <i>derecho<\/i> de defenderse. Inmoral ser\u00eda no hacerlo. Y rid\u00edculo es la posici\u00f3n que han adoptado los pa\u00edses &#8220;civilizados&#8221;, condenando a diesta y siniestra y sin la m\u00e1s m\u00ednima toma de posici\u00f3n sobre las acciones de cada bando.<\/p>\n<p> <\/br> <img decoding=\"async\" src=\"\/blog\/images\/images2\/Palestine5.jpg\" alt=\"\" \/> <\/br> <\/p>\n<p>Tampoco es que puedo culpar a Israel por tomar la salida del &#8220;terrorismo&#8221;. Ellos no hicieron m\u00e1s que seguir la iniciativa que el imberbe de George Walker abri\u00f3 al declarar que las &#8220;guerras contra el terrorismo&#8221; son &#8220;diferentes&#8221; y no responden a la convenci\u00f3n de Ginebra y dem\u00e1s arca\u00edsmos. Todo esto escrito en leguaje leguleyo gracias al admirable <a href=?http:\/\/www.elnuevocojo.com\/index.php?option=com_content&#038;task=view&#038;id=335&#038;Itemid=32> Alberto Gonz\u00e1les<\/a>, quien est\u00e1 dejando en alto el rol de los latinos en los USA (sobre todo como mafiosos inmorales, way to go!).<\/p>\n<p> <\/br> <img decoding=\"async\" src=\"\/blog\/images\/images2\/Palestine3.jpg\" alt=\"\" \/> <\/br> <\/p>\n<p>Hoy en d\u00eda, basta con comprobar que el enemigo es &#8220;un terrorista&#8221; para que se justifique bombardearlo, masacrarlo, raptarlo, torturarlo y pare usted de contar. Empieza un juego rid\u00edculo de conjugaciones: <i> I&#8217;m a terrorist, You&#8217;s a terrorist, He&#8217;s a terrorist, we&#8217;s a terrorist&#8230;<\/i>. Como si de tanto repetirlo se convirtiera en realidad y autorizara todo tipo de intervenci\u00f3n. Esto no se limita a la guerra, Materatzzi insulta a Zidane y lo llama terrorista y luego cobra un cabezazo por el pecha. \u00bfNo es l\u00f3gico? <i>I&#8217;m a terrorist, you&#8217;s a terrorist&#8230;<\/i> <\/br> <\/p>\n<p>En fin: Menos desfachatez, por favor. O las reglas las respetamos todos, o las abolimos. O nadie puede usar los Transformer en clase, o los usamos todos. Pero no es posible que se le permita a un Estado ser la <i>excepci\u00f3n<\/i> en derecho internacional mientras los dem\u00e1s nos hacemos la vista gorda. A m\u00ed que me expliquen. Porque lo que yo no entiendo es que yo s\u00e9 que no somos iguales. Pero, \u00bfqu\u00e9 tan desiguales tenemos que ser? \u00bfCu\u00e1ntos palestinos valen la vida de un soldado Israel\u00ed, se\u00f1or Olmert? \u00bfVeinte? \u00bfCuarenta, sesenta? D\u00edgamelo de una vez, y as\u00ed sabremos cu\u00e1ntos ni\u00f1os tienen que morir por su orgullo personal. Tsahal ataca y bombardea el L\u00edbano; \u00bfpara qu\u00e9? \u00bfDe qu\u00e9 sirve matar m\u00e1s gente? \u00bfDecapitar al Hezbollah en el L\u00edbano? Un consejo: Los terroristas se <i>hacen<\/i>, no <i>nacen<\/i>.<\/p>\n<p> <\/br> <img decoding=\"async\" src=\"\/blog\/images\/images2\/Palestine4.jpg\" alt=\"\" \/> <\/br> <\/p>\n<p>Veremos hasta d\u00f3nde llega el espiral de la violencia y hasta d\u00f3nde llega la complicidad de las potencias del mundo. Estos tiempos en los que vivimos.<\/p>\n","protected":false},"excerpt":{"rendered":"<p><a href=\"\/blog\/index.php?2006\/07\/15\/193-guerra-en-el-medio-oriente-vamos-mejor\"><img decoding=\"async\" src=\"\/blog\/images\/images2\/Palestine7.jpg\" alt=\"\" \/><\/a> <\/p>\n<p>Parece que estamos frente a una &#8220;guerra abierta&#8221;. Excelentes noticias&#8230; \u00bfLa sangre que se derramar\u00e1 en los d\u00edas siguientes ser\u00e1 suficiente para llenar la copa de la avaricia de los l\u00edderes del Medio Oriente? Triste, muy triste todo&#8230;<\/p>\n<p> <a href=\"http:\/\/www.moebius77.com\/blog2\/2006\/07\/guerra-en-el-medio-oriente-vamos-mejor\/\">Continue reading <span class=\"meta-nav\">&rarr;<\/span><\/a><\/p>\n","protected":false},"author":2,"featured_media":0,"comment_status":"open","ping_status":"open","sticky":false,"template":"","format":"standard","meta":{"footnotes":""},"categories":[1],"tags":[],"class_list":["post-213","post","type-post","status-publish","format-standard","hentry","category-antiguas-entradas"],"_links":{"self":[{"href":"http:\/\/www.moebius77.com\/blog2\/wp-json\/wp\/v2\/posts\/213","targetHints":{"allow":["GET"]}}],"collection":[{"href":"http:\/\/www.moebius77.com\/blog2\/wp-json\/wp\/v2\/posts"}],"about":[{"href":"http:\/\/www.moebius77.com\/blog2\/wp-json\/wp\/v2\/types\/post"}],"author":[{"embeddable":true,"href":"http:\/\/www.moebius77.com\/blog2\/wp-json\/wp\/v2\/users\/2"}],"replies":[{"embeddable":true,"href":"http:\/\/www.moebius77.com\/blog2\/wp-json\/wp\/v2\/comments?post=213"}],"version-history":[{"count":0,"href":"http:\/\/www.moebius77.com\/blog2\/wp-json\/wp\/v2\/posts\/213\/revisions"}],"wp:attachment":[{"href":"http:\/\/www.moebius77.com\/blog2\/wp-json\/wp\/v2\/media?parent=213"}],"wp:term":[{"taxonomy":"category","embeddable":true,"href":"http:\/\/www.moebius77.com\/blog2\/wp-json\/wp\/v2\/categories?post=213"},{"taxonomy":"post_tag","embeddable":true,"href":"http:\/\/www.moebius77.com\/blog2\/wp-json\/wp\/v2\/tags?post=213"}],"curies":[{"name":"wp","href":"https:\/\/api.w.org\/{rel}","templated":true}]}}