{"id":192,"date":"2005-11-15T09:08:00","date_gmt":"2005-11-15T09:08:00","guid":{"rendered":"http:\/\/www.moebius77.com\/blog2\/?p=192"},"modified":"2005-11-15T09:08:00","modified_gmt":"2005-11-15T09:08:00","slug":"sobre-como-no-pude-escribir-una-resena-de-shakira","status":"publish","type":"post","link":"http:\/\/www.moebius77.com\/blog2\/2005\/11\/sobre-como-no-pude-escribir-una-resena-de-shakira\/","title":{"rendered":"Sobre c\u00f3mo no pude escribir una rese\u00f1a de Shakira"},"content":{"rendered":"<p><img decoding=\"async\" src=\"\/blog\/images\/images2\/shakira2.jpeg\" alt=\"\" \/> <\/p>\n<p>Art\u00edculo publicado en El Nuevo Cojo Ilustrado, Noviembre 2005. No es m\u00e1s que las impresiones de un mel\u00f3mano, tal vez algo bravo, ante la maldita globalizaci\u00f3n musical.<\/p>\n<p><!--more--><br \/>\n<html xmlns:o=\"urn:schemas-microsoft-com:office:office\" xmlns:w=\"urn:schemas-microsoft-com:office:word\" xmlns=\"http:\/\/www.w3.org\/TR\/REC-html40\"> <head> <meta http-equiv=Content-Type content=\"text\/html; charset=windows-1252\"> <meta name=ProgId content=Word.Document> <meta name=Generator content=\"Microsoft Word 9\"> <meta name=Originator content=\"Microsoft Word 9\"> <link rel=File-List href=\".\/Shakira_files\/filelist.xml\"> <title>Sobre c\u00f3mo no pude escribir una rese\u00f1a de Shakira<\/title> <!--[if gte mso 9]><xml>  <o:DocumentProperties>   <o:Author>Ulive-Schnell<\/o:Author>   <o:Template>vicenteESP<\/o:Template>   <o:LastAuthor>Ulive-Schnell<\/o:LastAuthor>   <o:Revision>2<\/o:Revision>   <o:TotalTime>201<\/o:TotalTime>   <o:LastPrinted>1601-01-01T00:00:00Z<\/o:LastPrinted>   <o:Created>2005-11-13T13:03:00Z<\/o:Created>   <o:LastSaved>2005-11-13T13:03:00Z<\/o:LastSaved>   <o:Pages>3<\/o:Pages>   <o:Words>1089<\/o:Words>   <o:Characters>6211<\/o:Characters>   <o:Lines>51<\/o:Lines>   <o:Paragraphs>12<\/o:Paragraphs>   <o:CharactersWithSpaces>7627<\/o:CharactersWithSpaces>   <o:Version>9.3821<\/o:Version>  <\/o:DocumentProperties> <\/xml><![endif]--><!--[if gte mso 9]><xml>  <w:WordDocument>   <w:AttachedTemplate    HRef=\"C:\\Documents and Settings\\Vicente\\Application Data\\Microsoft\\Templates\\vicenteESP.dot\"><\/w:AttachedTemplate>   <w:HyphenationZone>21<\/w:HyphenationZone>   <w:DrawingGridHorizontalSpacing>1.2 pt<\/w:DrawingGridHorizontalSpacing>   <w:DisplayHorizontalDrawingGridEvery>0<\/w:DisplayHorizontalDrawingGridEvery>   <w:DisplayVerticalDrawingGridEvery>2<\/w:DisplayVerticalDrawingGridEvery>   <w:Compatibility>    <w:FootnoteLayoutLikeWW8\/>    <w:ShapeLayoutLikeWW8\/>    <w:AlignTablesRowByRow\/>    <w:ForgetLastTabAlignment\/>    <w:LayoutRawTableWidth\/>    <w:LayoutTableRowsApart\/>   <\/w:Compatibility>  <\/w:WordDocument> <\/xml><![endif]--> <\/p>\n<style> <!--  \/* Font Definitions *\/ @font-face \t{font-family:Copperplate32bc; \tpanose-1:0 0 0 0 0 0 0 0 0 0; \tmso-font-charset:0; \tmso-generic-font-family:swiss; \tmso-font-format:other; \tmso-font-pitch:variable; \tmso-font-signature:3 0 0 0 1 0;} @font-face \t{font-family:\"ACaslon Regular\"; \tpanose-1:0 0 0 0 0 0 0 0 0 0; \tmso-font-charset:0; \tmso-generic-font-family:roman; \tmso-font-format:other; \tmso-font-pitch:variable; \tmso-font-signature:3 0 0 0 1 0;}  \/* Style Definitions *\/ p.MsoNormal, li.MsoNormal, div.MsoNormal \t{mso-style-parent:\"\"; \tmargin:0cm; \tmargin-bottom:.0001pt; \tmso-pagination:widow-orphan; \tfont-size:11.0pt; \tmso-bidi-font-size:10.0pt; \tfont-family:Copperplate32bc; \tmso-fareast-font-family:\"Times New Roman\"; \tmso-bidi-font-family:\"Times New Roman\"; \tletter-spacing:1.0pt; \tmso-ansi-language:FR;} h1 \t{mso-style-next:Normal; \tmargin:0cm; \tmargin-bottom:.0001pt; \ttext-align:center; \ttext-indent:36.0pt; \tmso-pagination:widow-orphan; \tpage-break-after:avoid; \tmso-outline-level:1; \tfont-size:12.0pt; \tmso-bidi-font-size:10.0pt; \tfont-family:Copperplate32bc; \tletter-spacing:1.0pt; \tmso-font-kerning:0pt; \tmso-ansi-language:FR;} p.MsoTitle, li.MsoTitle, div.MsoTitle \t{margin:0cm; \tmargin-bottom:.0001pt; \ttext-align:center; \tmso-pagination:widow-orphan; \tfont-size:12.0pt; \tmso-bidi-font-size:10.0pt; \tfont-family:\"ACaslon Regular\"; \tmso-fareast-font-family:\"Times New Roman\"; \tmso-bidi-font-family:\"Times New Roman\"; \tletter-spacing:1.0pt; \tmso-ansi-language:ES-VE; \tfont-weight:bold;} p.MsoBodyText, li.MsoBodyText, div.MsoBodyText \t{margin:0cm; \tmargin-bottom:.0001pt; \ttext-align:justify; \tmso-pagination:widow-orphan; \tfont-size:12.0pt; \tmso-bidi-font-size:10.0pt; \tfont-family:\"ACaslon Regular\"; \tmso-fareast-font-family:\"Times New Roman\"; \tmso-bidi-font-family:\"Times New Roman\"; \tletter-spacing:1.0pt; \tmso-ansi-language:ES-VE;} a:link, span.MsoHyperlink \t{color:blue; \ttext-decoration:underline; \ttext-underline:single;} a:visited, span.MsoHyperlinkFollowed \t{color:purple; \ttext-decoration:underline; \ttext-underline:single;} p.Head4, li.Head4, div.Head4 \t{mso-style-name:\"Head 4\"; \tmargin:0cm; \tmargin-bottom:.0001pt; \ttext-align:justify; \tmso-pagination:widow-orphan; \tfont-size:12.0pt; \tmso-bidi-font-size:10.0pt; \tfont-family:Copperplate32bc; \tmso-fareast-font-family:\"Times New Roman\"; \tmso-bidi-font-family:\"Times New Roman\"; \tletter-spacing:1.0pt; \tmso-ansi-language:FR; \tfont-weight:bold; \tmso-bidi-font-weight:normal; \tfont-style:italic; \tmso-bidi-font-style:normal;} p.Quote, li.Quote, div.Quote \t{mso-style-name:Quote; \tmargin-top:0cm; \tmargin-right:28.05pt; \tmargin-bottom:0cm; \tmargin-left:33.6pt; \tmargin-bottom:.0001pt; \ttext-align:justify; \ttext-indent:1.8pt; \tmso-pagination:widow-orphan; \tfont-size:10.0pt; \tfont-family:Copperplate32bc; \tmso-fareast-font-family:\"Times New Roman\"; \tmso-bidi-font-family:\"Times New Roman\"; \tletter-spacing:1.0pt;} @page Section1 \t{size:21.0cm 842.0pt; \tmargin:70.85pt 3.0cm 70.85pt 3.0cm; \tmso-header-margin:35.45pt; \tmso-footer-margin:35.45pt; \tmso-paper-source:0;} div.Section1 \t{page:Section1;} --> <\/style>\n<p> <\/head> <body lang=EN-US link=blue vlink=purple style='tab-interval:35.4pt'> <\/p>\n<div class=Section1>\n<p class=MsoTitle><span lang=ES-VE>Sobre c\u00f3mo no pude escribir una rese\u00f1a de Shakira<\/span><\/p>\n<p class=MsoNormal style='text-align:justify'><span lang=ES-VE style='font-size:12.0pt;mso-bidi-font-size:10.0pt;font-family:\"ACaslon Regular\"; mso-ansi-language:ES-VE'>&#8220;Escr\u00edbeme una rese\u00f1a sobre el disco de Shakira&#8221;, me pidi\u00f3 el editor del Cojo. Por supuesto que se supone que lo ten\u00eda que bajar gratis por internet, ni modo que el peri\u00f3dico invierta en tal &#8220;joya&#8221; cultural como es el \u00faltimo disco de la diva colombiana, &#8220;<b>Fijaci\u00f3n Oral: volumen 1<\/b>&#8220;. <o:p><\/o:p><\/span><\/p>\n<p class=MsoNormal style='text-align:justify'><span lang=ES-VE style='font-size:12.0pt;mso-bidi-font-size:10.0pt;font-family:\"ACaslon Regular\"; mso-ansi-language:ES-VE'><![if !supportEmptyParas]>&nbsp;<![endif]><o:p><\/o:p><\/span><\/p>\n<p class=MsoNormal style='text-align:justify'><span lang=ES-VE style='font-size:12.0pt;mso-bidi-font-size:10.0pt;font-family:\"ACaslon Regular\"; mso-ansi-language:ES-VE'>Lo peor de este \u00e1lbum no es el disco en s\u00ed, sino el saber que es el &#8220;volumen 1&#8221;, lo cual supone el horror de que va a haber otros vol\u00famenes por parte de la Jennifer L\u00f3pez colombiana. Mejor hubiese sido que lo sub-titulara &#8220;volumen 1 de 3&#8221; y as\u00ed saber con precisi\u00f3n cuando vamos a salir del martirio.<span style=\"mso-spacerun: yes\">  <\/span><o:p><\/o:p><\/span><\/p>\n<p class=MsoNormal style='text-align:justify'><span lang=ES-VE style='font-size:12.0pt;mso-bidi-font-size:10.0pt;font-family:\"ACaslon Regular\"; mso-ansi-language:ES-VE'><![if !supportEmptyParas]>&nbsp;<![endif]><o:p><\/o:p><\/span><\/p>\n<p class=MsoNormal style='text-align:justify'><span lang=ES-VE style='font-size:12.0pt;mso-bidi-font-size:10.0pt;font-family:\"ACaslon Regular\"; mso-ansi-language:ES-VE'>Pero bueno, vamos a los hechos y as\u00ed salimos de esto lo m\u00e1s r\u00e1pido posible. Tampoco es que se puede esperar algo de Shakira, quien no es m\u00e1s que un producto del sistema que todos detestamos alguna vez. La diva colombiana empez\u00f3 su &#8220;carrera&#8221; a los trece a\u00f1os, cuando firm\u00f3 un contrato con Sony Music Colombia. Luego de dos discos desconocidos (&#8220;magia&#8221; y &#8220;peligro&#8221;) vino el famoso &#8220;Pies descalzos&#8221;, que la lanz\u00f3 al estrellato latino. Sigui\u00f3 &#8220;\u00bfd\u00f3nde est\u00e1n los ladrones?&#8221;, algunos premios Grammy y un mediocre <i>unplugged<\/i> que es de los pocos discos que no te compran las tiendas de discos usados, aparte del disco del ni\u00f1o rapero franc\u00e9s Jordy, &#8220;d\u00fbr d\u00fbr d&#8217;\u00eatre b\u00e9b\u00e9&#8221;.<o:p><\/o:p><\/span><\/p>\n<p class=MsoNormal style='text-align:justify'><span lang=ES-VE style='font-size:12.0pt;mso-bidi-font-size:10.0pt;font-family:\"ACaslon Regular\"; mso-ansi-language:ES-VE'><![if !supportEmptyParas]>&nbsp;<![endif]><o:p><\/o:p><\/span><\/p>\n<p class=MsoNormal style='text-align:justify'><span lang=ES-VE style='font-size:12.0pt;mso-bidi-font-size:10.0pt;font-family:\"ACaslon Regular\"; mso-ansi-language:ES-VE'>La verdad que hasta all\u00ed todo iba bien. Shakira no me molestaba, hasta me parec\u00eda interesante su <i>look<\/i> de jeans rotos y pelo negro largo. Lo de la guitarra nunca lo entend\u00ed ya que ella, al igual que Mar\u00eda Conchita Alonso, portaba un instrumento que nunca tocaba. La &#8220;artista&#8221; hasta ac\u00e1 era una burla, sin la madurez musical ni la calidad de una Andrea Echeverri (de los Aterciopelados), pero con suficiente melod\u00eda e ingenuidad como para que soportaras el disco en el consultorio, mientras esperabas tu turno en el dentista. <o:p><\/o:p><\/span><\/p>\n<p> <img decoding=\"async\" src=\"\/blog\/images\/images2\/shakira.jpeg\" height=\"300\" alt=\"blonde?\" \/> <\/p>\n<p class=MsoNormal style='text-align:justify'><span lang=ES-VE style='font-size:12.0pt;mso-bidi-font-size:10.0pt;font-family:\"ACaslon Regular\"; mso-ansi-language:ES-VE'><![if !supportEmptyParas]>&nbsp;<![endif]><o:p><\/o:p><\/span><\/p>\n<p class=MsoNormal style='text-align:justify'><span lang=ES-VE style='font-size:12.0pt;mso-bidi-font-size:10.0pt;font-family:\"ACaslon Regular\"; mso-ansi-language:ES-VE'>Sin embargo, despu\u00e9s empez\u00f3 la campa\u00f1a para lanzar a Shakira durante la explosi\u00f3n de la &#8220;m\u00fasica latina&#8221;. S\u00f3lo hac\u00edan falta unos mercenarios agalludos como los Estefan, capaces de pintarle el pelo de rubio (\u00bf?), hacerle perder unos kilos y producir el peor video en d\u00e9cadas con &#8220;Whenever, Wherever&#8221;. Si esto y Ricky Martin eran m\u00fasica latina&#8230; Bueno, como dir\u00eda Shakira, <i>whatever<\/i>, con tal de hacer unos pesos.<o:p><\/o:p><\/span><\/p>\n<p class=MsoNormal style='text-align:justify'><span lang=ES-VE style='font-size:12.0pt;mso-bidi-font-size:10.0pt;font-family:\"ACaslon Regular\"; mso-ansi-language:ES-VE'><![if !supportEmptyParas]>&nbsp;<![endif]><o:p><\/o:p><\/span><\/p>\n<p class=MsoNormal style='text-align:justify'><span lang=ES-VE style='font-size:12.0pt;mso-bidi-font-size:10.0pt;font-family:\"ACaslon Regular\"; mso-ansi-language:ES-VE'>Algunas de mis amigas alguna vez trataron de explicarme que Shakira era &#8220;inteligente&#8221;, aunque les mostr\u00e9 lo contradictorio que ser\u00eda imprimir su nivel de I.Q. (coeficiente intelectual) en la contraportada del disco. Poco importa, despu\u00e9s de todo lo \u00fanico que es obvio es que el I.Q. de los que <i>compran<\/i> el disco est\u00e1 por debajo de la media de un ser normal y pensante. De todas maneras, en lo personal nunca entend\u00ed esta obsesi\u00f3n de las divas pop por &#8220;mostrar&#8221; su inteligencia, como Alanis Morissette d\u00e1ndole &#8220;gracias&#8221; a Jean Paul-Sartre y al Dalai Lama en una canci\u00f3n. Lo que la gente tiene que reconocer es la contradicci\u00f3n entre afirmarse &#8220;inteligente&#8221; utilizando medios que afirman todo lo contrario. En el caso de la colombiana, le agradezco me haya ahorrado la &#8220;tortura&#8221; suplementaria de explicarme que es &#8220;inteligente&#8221; y que va m\u00e1s all\u00e1 de las dem\u00e1s rubias divas pop con la capacidad anal\u00edtica de una amiba.<span style=\"mso-spacerun: yes\">  <\/span><o:p><\/o:p><\/span><\/p>\n<p class=MsoNormal style='text-align:justify'><span lang=ES-VE style='font-size:12.0pt;mso-bidi-font-size:10.0pt;font-family:\"ACaslon Regular\"; mso-ansi-language:ES-VE'><![if !supportEmptyParas]>&nbsp;<![endif]><o:p><\/o:p><\/span><\/p>\n<p class=MsoNormal style='text-align:justify'><span lang=ES-VE style='font-size:12.0pt;mso-bidi-font-size:10.0pt;font-family:\"ACaslon Regular\"; mso-ansi-language:ES-VE'>Sin embargo, hay algunos puntos fuertes en la cantante. No se puede negar que canta bien, tiene un tono de voz sorprendente y es bastante afinada. \u00a1Qu\u00e9 lastima, que hoy en d\u00eda hayamos llegado a tales criterios! O sea, se supone que es <i>cantante<\/i>, es m\u00e1s, <i>artista<\/i>; \u00bfno representa &#8220;cantar bien&#8221; lo m\u00ednimo indispensable? Lo siento, pero esto no es suficiente como para que compre el disco.<span style=\"mso-spacerun: yes\"> <\/span><o:p><\/o:p><\/span><\/p>\n<p class=MsoNormal style='text-align:justify'><span lang=ES-VE style='font-size:12.0pt;mso-bidi-font-size:10.0pt;font-family:\"ACaslon Regular\"; mso-ansi-language:ES-VE'><![if !supportEmptyParas]>&nbsp;<![endif]><o:p><\/o:p><\/span><\/p>\n<p class=MsoNormal style='text-align:justify'><span lang=ES-VE style='font-size:12.0pt;mso-bidi-font-size:10.0pt;font-family:\"ACaslon Regular\"; mso-ansi-language:ES-VE'>Claro que la producci\u00f3n del disco parece impecable, o lo mejor que el dinero pueda comprar, tampoco me convence esto de siquiera bajar el disco en MP3 .<span style=\"mso-spacerun: yes\">           <\/span><o:p><\/o:p><\/span><\/p>\n<p class=MsoNormal style='text-align:justify'><span lang=ES-VE style='font-size:12.0pt;mso-bidi-font-size:10.0pt;font-family:\"ACaslon Regular\"; mso-ansi-language:ES-VE'><![if !supportEmptyParas]>&nbsp;<![endif]><o:p><\/o:p><\/span><\/p>\n<p class=MsoNormal style='text-align:justify'><span lang=ES-VE style='font-size:12.0pt;mso-bidi-font-size:10.0pt;font-family:\"ACaslon Regular\"; mso-ansi-language:ES-VE'>Mi problema es que &#8220;Shakira&#8221; es una entelequia. No existe. No hay una persona llamada &#8220;Shakira&#8221;, lo que hay es un invento publicitario tramado por algunos ejecutivos del mundo musical para convertir a una pobre inocente en un experimento fallido de tinte de pelo y quitarnos nuestro dinero en el intento. Al final, no puedo sino compadecer a la pobre colombiana, v\u00edctima de toda la maquinaria. Si ella es &#8220;inteligente&#8221; o &#8220;buen m\u00fasico&#8221; nunca lo sabremos. Lo \u00fanico a lo cual podremos acceder es al producto &#8220;Shakira&#8221;, algo muy distante del talento perdido en la neblina comercial. <o:p><\/o:p><\/span><\/p>\n<p class=MsoNormal style='text-align:justify'><span lang=ES-VE style='font-size:12.0pt;mso-bidi-font-size:10.0pt;font-family:\"ACaslon Regular\"; mso-ansi-language:ES-VE'><![if !supportEmptyParas]>&nbsp;<![endif]><o:p><\/o:p><\/span><\/p>\n<p class=MsoNormal style='text-align:justify'><span lang=ES-VE style='font-size:12.0pt;mso-bidi-font-size:10.0pt;font-family:\"ACaslon Regular\"; mso-ansi-language:ES-VE'>De todos modos, no es como que estamos descubriendo el agua tibia. Shakira es un &#8220;sell out&#8221; desde hace tiempo y nadie puede decir lo contrario. Lo que sorprende ac\u00e1 es la lista de co-responsables. El primero en la lista es &#8220;metro y medio&#8221; Alejandro Sanz, pseudo-poeta que demuestra su sadismo tortur\u00e1ndonos hasta el cansancio en la canci\u00f3n promocional. Es extra\u00f1o como la gente que me explica que Sanz &#8220;es poeta&#8221; falla al momento de dar base po\u00e9tica alguna; m\u00e1s que todo tienden a ser ni\u00f1itas de menos de veinte que nunca leyeron a Benedetti o Baudelaire. <o:p><\/o:p><\/span><\/p>\n<p class=MsoNormal style='text-align:justify'><span lang=ES-VE style='font-size:12.0pt;mso-bidi-font-size:10.0pt;font-family:\"ACaslon Regular\"; mso-ansi-language:ES-VE'><![if !supportEmptyParas]>&nbsp;<![endif]><o:p><\/o:p><\/span><\/p>\n<p class=MsoNormal style='text-align:justify'><span lang=ES-VE style='font-size:12.0pt;mso-bidi-font-size:10.0pt;font-family:\"ACaslon Regular\"; mso-ansi-language:ES-VE'>Pero tengo que decir que el que m\u00e1s me duele de toda la lista es Gustavo Cerati, implicado qui\u00e9n sabe c\u00f3mo en todo esto. La \u00fanica explicaci\u00f3n posible es que Gustavo est\u00e9 pegado en coca\u00edna peor que Maradona cuando jugaba con el N\u00e1poles. Se me ocurre que el antiguo l\u00edder de Soda St\u00e9reo tiene un mono de coca\u00edna tan grande con la mafia colombiana que esta fue la \u00fanica forma que consigui\u00f3 para pagarlo. Es lo \u00fanico que justificar\u00eda su aparici\u00f3n en todo este l\u00edo.<span style=\"mso-spacerun: yes\">  <\/span><o:p><\/o:p><\/span><\/p>\n<p class=MsoNormal style='text-align:justify'><span lang=ES-VE style='font-size:12.0pt;mso-bidi-font-size:10.0pt;font-family:\"ACaslon Regular\"; mso-ansi-language:ES-VE'><![if !supportEmptyParas]>&nbsp;<![endif]><o:p><\/o:p><\/span><\/p>\n<p class=MsoNormal style='text-align:justify'><span lang=ES-VE style='font-size:12.0pt;mso-bidi-font-size:10.0pt;font-family:\"ACaslon Regular\"; mso-ansi-language:ES-VE'>En fin, si usted quiere hacerse una idea del nivel de este producto musical, lo \u00fanico a lo cual tiene que hacer referencia es a la portada. Aqu\u00ed conseguimos a la diva sobre fondo rojo con un beb\u00e9 en los brazos quien est\u00e1 tratando de ahorcarla con su pendiente, obviamente porque acaba de escuchar el disco. Arriba, el t\u00edtulo, &#8220;fijaci\u00f3n oral&#8221; explica por d\u00f3nde va la cosa. <o:p><\/o:p><\/span><\/p>\n<p class=MsoNormal style='text-align:justify'><span lang=ES-VE style='font-size:12.0pt;mso-bidi-font-size:10.0pt;font-family:\"ACaslon Regular\"; mso-ansi-language:ES-VE'><![if !supportEmptyParas]>&nbsp;<![endif]><o:p><\/o:p><\/span><\/p>\n<p class=MsoNormal style='text-align:justify'><span lang=ES-VE style='font-size:12.0pt;mso-bidi-font-size:10.0pt;font-family:\"ACaslon Regular\"; mso-ansi-language:ES-VE'>La fijaci\u00f3n oral es, por supuesto, una de las etapas del desarrollo seg\u00fan Sigmund Freud (Shakira es &#8220;inteligente&#8221;, \u00bfrecuerdan?). Lo que no entiendo es qu\u00e9 tiene que ver un beb\u00e9 que no se puede dar abasto con los senos de Shakira con su disco. Claro que es un buen concepto. No se le pueden pedir peras al olmo, ni que Shakira haga discos metaf\u00f3ricos o profundos como The Who o King Crimson. Vamos, esto es pop: una portada como <i>El lado oscuro de la luna<\/i> no vende discos.<o:p><\/o:p><\/span><\/p>\n<p class=MsoNormal style='text-align:justify'><span lang=ES-VE style='font-size:12.0pt;mso-bidi-font-size:10.0pt;font-family:\"ACaslon Regular\"; mso-ansi-language:ES-VE'><![if !supportEmptyParas]>&nbsp;<![endif]><o:p><\/o:p><\/span><\/p>\n<p class=MsoNormal style='text-align:justify'><span lang=ES-VE style='font-size:12.0pt;mso-bidi-font-size:10.0pt;font-family:\"ACaslon Regular\"; mso-ansi-language:ES-VE'>Pero podemos jugar un poco con el t\u00edtulo, \u00bfno? Ya que me hicieron rese\u00f1arlo, d\u00e9jenme ser un poco creativo, algo extra\u00f1o en cualquier cosa que tenga que ver con Shakira. Yo creo que este disco puede funcionar como un ejemplo que engloba todo lo que el pop femenino es. En ese sentido, ya que Shakira es &#8220;inteligente&#8221;, yo le sugiero hacer referencia no a Sigmund Freud sino al fil\u00f3sofo Friederich Nietzsche. Este titul\u00f3 su arrogante biograf\u00eda como &#8220;<i>Ecce Homo<\/i>: o c\u00f3mo se llega a ser lo que se es&#8221;. Tomando prestado del fil\u00f3sofo y d\u00e1ndole un giro al t\u00edtulo original, propongo que el disco de la colombiana se llame &#8220;Sexo oral: o c\u00f3mo llegu\u00e9 a ser lo que soy&#8221;, ya que si de talento se trata, digamos que me parece que mi m\u00e9todo es m\u00e1s efectivo para conseguirle contratos disqueros a Jessica Simpson, Cristina Aguilera y Shakira. <o:p><\/o:p><\/span><\/p>\n<p class=MsoNormal style='text-align:justify'><span lang=ES-VE style='font-size:12.0pt;mso-bidi-font-size:10.0pt;font-family:\"ACaslon Regular\"; mso-ansi-language:ES-VE'><![if !supportEmptyParas]>&nbsp;<![endif]><o:p><\/o:p><\/span><\/p>\n<p class=MsoNormal style='text-align:justify'><span lang=ES-VE style='font-size:12.0pt;mso-bidi-font-size:10.0pt;font-family:\"ACaslon Regular\"; mso-ansi-language:ES-VE'>Por ahora, cuando voy al abasto o me monto en un ascensor donde suena el opus de la diva colombiana, no puedo dejar de pensar, qu\u00e9 talento, hermana. Oral, quiero decir. Mire que hay que darle dur\u00edsimo a la mand\u00edbula para llegar tan lejos. Y eso s\u00ed que es digno de mi admiraci\u00f3n. <o:p><\/o:p><\/span><\/p>\n<p class=MsoNormal style='text-align:justify'><span lang=ES-VE style='font-size:12.0pt;mso-bidi-font-size:10.0pt;font-family:\"ACaslon Regular\"; mso-ansi-language:ES-VE'><span style=\"mso-spacerun: yes\">   <\/span><o:p><\/o:p><\/span><\/p>\n<p class=MsoNormal style='text-align:justify'><span lang=ES-VE style='font-size:12.0pt;mso-bidi-font-size:10.0pt;font-family:\"ACaslon Regular\"; mso-ansi-language:ES-VE'><![if !supportEmptyParas]>&nbsp;<![endif]><o:p><\/o:p><\/span><\/p>\n<p class=MsoNormal style='text-align:justify'><b><span lang=ES-VE style='font-size:12.0pt;mso-bidi-font-size:10.0pt;font-family:\"ACaslon Regular\"; mso-ansi-language:ES-VE'>Shakira<\/span><\/b><span lang=ES-VE style='font-size: 12.0pt;mso-bidi-font-size:10.0pt;font-family:\"ACaslon Regular\";mso-ansi-language: ES-VE'>, &#8220;Fijaci\u00f3n oral: volumen 1&#8221;.<o:p><\/o:p><\/span><\/p>\n<p class=MsoNormal style='text-align:justify'><b><span lang=ES-VE style='font-size:12.0pt;mso-bidi-font-size:10.0pt;font-family:\"ACaslon Regular\"; mso-ansi-language:ES-VE'>Categor\u00eda &#8220;A&#8221;:<\/span><\/b><span lang=ES-VE style='font-size:12.0pt;mso-bidi-font-size:10.0pt;font-family:\"ACaslon Regular\"; mso-ansi-language:ES-VE'> A regalar en el pr\u00f3ximo intercambio de amigos secretos, si te toca tu peor enemigo. <o:p><\/o:p><\/span><\/p>\n<p class=MsoNormal style='text-align:justify'><span lang=ES-VE style='font-size:12.0pt;mso-bidi-font-size:10.0pt;font-family:\"ACaslon Regular\"; mso-ansi-language:ES-VE'><![if !supportEmptyParas]>&nbsp;<![endif]><o:p><\/o:p><\/span><\/p>\n<p class=MsoNormal align=right style='text-align:right'><span lang=ES-VE style='font-size:12.0pt;mso-bidi-font-size:10.0pt;font-family:\"ACaslon Regular\"; mso-ansi-language:ES-VE'>Vicente Ulive-Schnell<o:p><\/o:p><\/span><\/p>\n<p class=MsoNormal align=right style='text-align:right'><span lang=ES-VE style='font-size:12.0pt;mso-bidi-font-size:10.0pt;font-family:\"ACaslon Regular\"; mso-ansi-language:ES-VE'><a href=\"http:\/\/elnuevocojo.com\/Mambo\/index.php?option=com_content&amp;task=view&amp;id=960&amp;Itemid=87\">Art\u00edculo publicado (Nov. 2005)<\/a><o:p><\/o:p><\/span><\/p>\n<p class=MsoNormal align=right style='text-align:right'><span lang=ES-VE style='font-size:12.0pt;mso-bidi-font-size:10.0pt;font-family:\"ACaslon Regular\"; mso-ansi-language:ES-VE'><span style=\"mso-spacerun: yes\">  <\/span><o:p><\/o:p><\/span><\/p>\n<\/p><\/div>\n<p> <\/body> <\/html><\/p>\n","protected":false},"excerpt":{"rendered":"<p><img decoding=\"async\" src=\"\/blog\/images\/images2\/shakira2.jpeg\" alt=\"\" \/> <\/p>\n<p>Art\u00edculo publicado en El Nuevo Cojo Ilustrado, Noviembre 2005. No es m\u00e1s que las impresiones de un mel\u00f3mano, tal vez algo bravo, ante la maldita globalizaci\u00f3n musical.<\/p>\n<p> <a href=\"http:\/\/www.moebius77.com\/blog2\/2005\/11\/sobre-como-no-pude-escribir-una-resena-de-shakira\/\">Continue reading <span class=\"meta-nav\">&rarr;<\/span><\/a><\/p>\n","protected":false},"author":2,"featured_media":0,"comment_status":"open","ping_status":"open","sticky":false,"template":"","format":"standard","meta":{"footnotes":""},"categories":[1],"tags":[],"class_list":["post-192","post","type-post","status-publish","format-standard","hentry","category-antiguas-entradas"],"_links":{"self":[{"href":"http:\/\/www.moebius77.com\/blog2\/wp-json\/wp\/v2\/posts\/192","targetHints":{"allow":["GET"]}}],"collection":[{"href":"http:\/\/www.moebius77.com\/blog2\/wp-json\/wp\/v2\/posts"}],"about":[{"href":"http:\/\/www.moebius77.com\/blog2\/wp-json\/wp\/v2\/types\/post"}],"author":[{"embeddable":true,"href":"http:\/\/www.moebius77.com\/blog2\/wp-json\/wp\/v2\/users\/2"}],"replies":[{"embeddable":true,"href":"http:\/\/www.moebius77.com\/blog2\/wp-json\/wp\/v2\/comments?post=192"}],"version-history":[{"count":0,"href":"http:\/\/www.moebius77.com\/blog2\/wp-json\/wp\/v2\/posts\/192\/revisions"}],"wp:attachment":[{"href":"http:\/\/www.moebius77.com\/blog2\/wp-json\/wp\/v2\/media?parent=192"}],"wp:term":[{"taxonomy":"category","embeddable":true,"href":"http:\/\/www.moebius77.com\/blog2\/wp-json\/wp\/v2\/categories?post=192"},{"taxonomy":"post_tag","embeddable":true,"href":"http:\/\/www.moebius77.com\/blog2\/wp-json\/wp\/v2\/tags?post=192"}],"curies":[{"name":"wp","href":"https:\/\/api.w.org\/{rel}","templated":true}]}}