{"id":158,"date":"2005-03-20T15:22:12","date_gmt":"2005-03-20T15:22:12","guid":{"rendered":"http:\/\/www.moebius77.com\/blog2\/?p=158"},"modified":"2005-03-20T15:22:12","modified_gmt":"2005-03-20T15:22:12","slug":"carta-abierta-a-un-bandera-roja-caraqueno","status":"publish","type":"post","link":"http:\/\/www.moebius77.com\/blog2\/2005\/03\/carta-abierta-a-un-bandera-roja-caraqueno\/","title":{"rendered":"Carta Abierta a un Bandera Roja Caraque\u00f1o"},"content":{"rendered":"<p>\u00bfD\u00f3nde qued\u00f3 bandera roja? \u00bfCu\u00e1les son sus objetivos? \u00bfAlguien tiene la menor idea?<\/p>\n<p> <img decoding=\"async\" src=\"\/blog\/images\/images2\/banderaroja2.jpeg\"\/><br \/>\n<!--more--><br \/>\n<html xmlns:o=\"urn:schemas-microsoft-com:office:office\" xmlns:w=\"urn:schemas-microsoft-com:office:word\" xmlns=\"http:\/\/www.w3.org\/TR\/REC-html40\"> <head> <meta http-equiv=Content-Type content=\"text\/html; charset=windows-1252\"> <meta name=ProgId content=Word.Document> <meta name=Generator content=\"Microsoft Word 9\"> <meta name=Originator content=\"Microsoft Word 9\"> <link rel=File-List href=\".\/Carta%20abierta%20a%20un%20Bandera%20Roja_files\/filelist.xml\"> <title>Carta abierta a un Bandera Roja<\/title> <!--[if gte mso 9]><xml>  <o:DocumentProperties>   <o:Author>Ulive-Schnell<\/o:Author>   <o:Template>Normal<\/o:Template>   <o:LastAuthor>Ulive-Schnell<\/o:LastAuthor>   <o:Revision>4<\/o:Revision>   <o:TotalTime>95<\/o:TotalTime>   <o:Created>2005-03-19T16:16:00Z<\/o:Created>   <o:LastSaved>2005-03-19T16:19:00Z<\/o:LastSaved>   <o:Pages>2<\/o:Pages>   <o:Words>875<\/o:Words>   <o:Characters>4990<\/o:Characters>   <o:Lines>41<\/o:Lines>   <o:Paragraphs>9<\/o:Paragraphs>   <o:CharactersWithSpaces>6128<\/o:CharactersWithSpaces>   <o:Version>9.3821<\/o:Version>  <\/o:DocumentProperties> <\/xml><![endif]--><!--[if gte mso 9]><xml>  <w:WordDocument>   <w:HyphenationZone>21<\/w:HyphenationZone>   <w:DrawingGridHorizontalSpacing>1.2 pt<\/w:DrawingGridHorizontalSpacing>   <w:DisplayHorizontalDrawingGridEvery>0<\/w:DisplayHorizontalDrawingGridEvery>   <w:DisplayVerticalDrawingGridEvery>2<\/w:DisplayVerticalDrawingGridEvery>   <w:Compatibility>    <w:FootnoteLayoutLikeWW8\/>    <w:ShapeLayoutLikeWW8\/>    <w:AlignTablesRowByRow\/>    <w:ForgetLastTabAlignment\/>    <w:LayoutRawTableWidth\/>    <w:LayoutTableRowsApart\/>   <\/w:Compatibility>  <\/w:WordDocument> <\/xml><![endif]--> <\/p>\n<style> <!--  \/* Font Definitions *\/ @font-face \t{font-family:Copperplate32bc; \tpanose-1:0 0 0 0 0 0 0 0 0 0; \tmso-font-charset:0; \tmso-generic-font-family:swiss; \tmso-font-format:other; \tmso-font-pitch:variable; \tmso-font-signature:3 0 0 0 1 0;}  \/* Style Definitions *\/ p.MsoNormal, li.MsoNormal, div.MsoNormal \t{mso-style-parent:\"\"; \tmargin:0cm; \tmargin-bottom:.0001pt; \tmso-pagination:widow-orphan; \tfont-size:11.0pt; \tmso-bidi-font-size:10.0pt; \tfont-family:Copperplate32bc; \tmso-fareast-font-family:\"Times New Roman\"; \tmso-bidi-font-family:\"Times New Roman\"; \tletter-spacing:1.0pt; \tmso-ansi-language:FR;} h1 \t{mso-style-next:Normal; \tmargin:0cm; \tmargin-bottom:.0001pt; \ttext-align:center; \ttext-indent:36.0pt; \tmso-pagination:widow-orphan; \tpage-break-after:avoid; \tmso-outline-level:1; \tfont-size:12.0pt; \tmso-bidi-font-size:10.0pt; \tfont-family:Copperplate32bc; \tletter-spacing:1.0pt; \tmso-font-kerning:0pt; \tmso-ansi-language:FR;} p.MsoTitle, li.MsoTitle, div.MsoTitle \t{margin:0cm; \tmargin-bottom:.0001pt; \ttext-align:center; \tmso-pagination:widow-orphan; \tfont-size:12.0pt; \tmso-bidi-font-size:10.0pt; \tfont-family:\"Times New Roman\"; \tmso-fareast-font-family:\"Times New Roman\"; \tletter-spacing:1.0pt; \tmso-ansi-language:FR; \tfont-weight:bold;} p.MsoBodyText, li.MsoBodyText, div.MsoBodyText \t{margin:0cm; \tmargin-bottom:.0001pt; \ttext-align:justify; \tmso-pagination:widow-orphan; \tfont-size:12.0pt; \tmso-bidi-font-size:10.0pt; \tfont-family:\"Times New Roman\"; \tmso-fareast-font-family:\"Times New Roman\"; \tletter-spacing:1.0pt; \tmso-ansi-language:ES-VE;} a:link, span.MsoHyperlink \t{color:blue; \ttext-decoration:underline; \ttext-underline:single;} a:visited, span.MsoHyperlinkFollowed \t{color:purple; \ttext-decoration:underline; \ttext-underline:single;} p.Head4, li.Head4, div.Head4 \t{mso-style-name:\"Head 4\"; \tmargin:0cm; \tmargin-bottom:.0001pt; \ttext-align:justify; \tmso-pagination:widow-orphan; \tfont-size:12.0pt; \tmso-bidi-font-size:10.0pt; \tfont-family:Copperplate32bc; \tmso-fareast-font-family:\"Times New Roman\"; \tmso-bidi-font-family:\"Times New Roman\"; \tletter-spacing:1.0pt; \tmso-ansi-language:FR; \tfont-weight:bold; \tmso-bidi-font-weight:normal; \tfont-style:italic; \tmso-bidi-font-style:normal;} @page Section1 \t{size:21.0cm 842.0pt; \tmargin:70.85pt 3.0cm 70.85pt 3.0cm; \tmso-header-margin:35.45pt; \tmso-footer-margin:35.45pt; \tmso-paper-source:0;} div.Section1 \t{page:Section1;} --> <\/style>\n<p> <\/head> <body lang=EN-US link=blue vlink=purple style='tab-interval:35.4pt'> <\/p>\n<div class=Section1>\n<div style='border:none;border-bottom:solid windowtext .75pt;padding:0cm 0cm 1.0pt 0cm'>\n<p class=MsoTitle align=left style='text-align:left;text-indent:35.4pt; border:none;mso-border-bottom-alt:solid windowtext .75pt;padding:0cm; mso-padding-alt:0cm 0cm 1.0pt 0cm'><span lang=ES-VE style='mso-ansi-language: ES-VE'>Carta abierta a un Bandera Roja caraque\u00f1o<o:p><\/o:p><\/span><\/p>\n<\/p><\/div>\n<p class=MsoTitle align=left style='text-align:left;text-indent:-1.2pt'><span lang=ES-VE style='mso-ansi-language:ES-VE'><![if !supportEmptyParas]>&nbsp;<![endif]><o:p><\/o:p><\/span><\/p>\n<p class=MsoTitle align=left style='text-align:left;text-indent:-1.2pt'><span lang=ES-VE style='mso-ansi-language:ES-VE'><![if !supportEmptyParas]>&nbsp;<![endif]><o:p><\/o:p><\/span><\/p>\n<div style='border:none;border-bottom:solid windowtext .75pt;padding:0cm 0cm 1.0pt 0cm'> <img decoding=\"async\" src=\"http:\/\/ulive.free.fr\/blog\/images\/images2\/banderaroja.jpeg\"\/> <\/p>\n<p class=MsoTitle align=left style='text-align:left;text-indent:35.4pt; border:none;mso-border-bottom-alt:solid windowtext .75pt;padding:0cm; mso-padding-alt:0cm 0cm 1.0pt 0cm'><span lang=ES-VE style='font-size:10.0pt; mso-ansi-language:ES-VE;font-weight:normal'>Qu\u00e9 viva la revoluci\u00f3n&#8230; La nuestra, por supuesto&#8230;<o:p><\/o:p><\/span><\/p>\n<\/p><\/div>\n<p class=MsoTitle align=left style='text-align:left;text-indent:-1.2pt'><span lang=ES-VE style='mso-ansi-language:ES-VE'><![if !supportEmptyParas]>&nbsp;<![endif]><o:p><\/o:p><\/span><\/p>\n<p class=MsoTitle align=left style='text-align:left;text-indent:-1.2pt'><span lang=ES-VE style='mso-ansi-language:ES-VE;font-weight:normal'>Articulo aparecido en <a href=\"http:\/\/elnuevocojo.com\/Mambo\/index.php?option=com_content&amp;task=view&amp;id=821&amp;Itemid=92\">El Nuevo Cojo Ilustrado, 2005<\/a>. <o:p><\/o:p><\/span><\/p>\n<p class=MsoTitle align=left style='text-align:left;text-indent:-1.2pt'><span lang=ES-VE style='mso-ansi-language:ES-VE;font-weight:normal'><![if !supportEmptyParas]>&nbsp;<![endif]><o:p><\/o:p><\/span><\/p>\n<p class=MsoNormal style='text-align:justify'><span lang=ES-VE style='font-size:12.0pt;mso-bidi-font-size:10.0pt;font-family:\"Times New Roman\"; mso-ansi-language:ES-VE'>Desde lejos lo vi avanzar. Entre carros y humo, m\u00e1s lo segundo que lo primero, se precipitaba hacia la torre Polar en Caracas. Extra\u00f1o fue -debo admitirlo- el hecho de citar a Iv\u00e1n Rodr\u00edguez en el edificio de lo que f\u00e1cilmente simbolizaba el capitalismo a la venezolana y que \u00e9ste accediera sin oponer demasiada resistencia. Definitivamente, los tiempos hab\u00edan cambiado. Para Iv\u00e1n y la gente que piensa como \u00e9l, los d\u00edas del tira-pedrismo rebelde y las canciones de Al\u00ed Primera y las barricadas hombro con hombro y arriba los pobres del mundo y los esclavos sin pan, todo eso hab\u00eda quedado borrado. <o:p><\/o:p><\/span><\/p>\n<p class=MsoNormal style='text-align:justify'><span lang=ES-VE style='font-size:12.0pt;mso-bidi-font-size:10.0pt;font-family:\"Times New Roman\"; mso-ansi-language:ES-VE'><![if !supportEmptyParas]>&nbsp;<![endif]><o:p><\/o:p><\/span><\/p>\n<p class=MsoBodyText><span lang=ES-VE>Siempre me preparabas, Iv\u00e1n, lo recuerdo claramente, asegur\u00e1ndome que la guerra ideol\u00f3gica ya ven\u00eda y los gringos que ya colocaban la bota en Macuto y Noriega y Somoza y Trujillo y toda la historia que se repetir\u00eda. Triste final, mi pobre Iv\u00e1n, para un guerrillero que nunca toc\u00f3 un FAL y s\u00f3lo pudo babearse en el Museo de la Revoluci\u00f3n ante una foto de Fidel con lentes repeliendo a los gusanos en Playa Gir\u00f3n. Y discut\u00edas las diferencias de un rev\u00f3lver y una nueve mil\u00edmetros, y contabas hambriento la cantidad de anti-revolucionarios que habr\u00edan de caer abatidos por tu punter\u00eda experta, porque a pesar de no saber la ubicaci\u00f3n del seguro de la pistola, el d\u00eda de la reventaz\u00f3n general nada de eso importar\u00eda, ya que si bien Dios no existe el esp\u00edritu de los pueblos s\u00ed, y es all\u00ed donde aparecer\u00eda el gran Arc\u00e1ngel corrector de nuestros errores, aqu\u00e9l que estar\u00eda del lado del bien, de nuestro lado y sabr\u00eda dirigir las balas hacia el coraz\u00f3n de los corruptos para que muriesen de una vez y sin dolor, eso s\u00ed -acotabas- no los de la tribu de Morales, porque est\u00e1 bien clemencia con los sufridos pero esos eran el colmo. <\/span><\/p>\n<p class=MsoNormal style='text-align:justify'><span lang=ES-VE style='font-size:12.0pt;mso-bidi-font-size:10.0pt;font-family:\"Times New Roman\"; mso-ansi-language:ES-VE'><![if !supportEmptyParas]>&nbsp;<![endif]><o:p><\/o:p><\/span><\/p>\n<p class=MsoNormal style='text-align:justify'><span lang=ES-VE style='font-size:12.0pt;mso-bidi-font-size:10.0pt;font-family:\"Times New Roman\"; mso-ansi-language:ES-VE'>Y me ense\u00f1aste una vez, cuando est\u00e1bamos caminando por El \u00c1vila, el lugar preciso que hab\u00edas pensado para enterrar los enlatados, conservas y ese tipo de cosas que son tradici\u00f3n en esas lides, e incluso la manera como ibas a esconder las municiones extra, all\u00e1 en la copa de un \u00e1rbol a unos cu\u00e1ntos metros de Los Venados, porque cuando vini\u00e9semos huyendo de las fuerzas opositoras a un sistema justo llegar\u00edamos exactamente a \u00e9se sitio y lograr\u00edamos liquidar a nuestros contrarios con la eficiencia antes mencionada, implacable venganza de un pueblo oprimido que grit\u00f3 basta y se ech\u00f3 a andar.<span style=\"mso-spacerun: yes\">  <\/span><o:p><\/o:p><\/span><\/p>\n<p class=MsoNormal style='text-align:justify'><span lang=ES-VE style='font-size:12.0pt;mso-bidi-font-size:10.0pt;font-family:\"Times New Roman\"; mso-ansi-language:ES-VE'><![if !supportEmptyParas]>&nbsp;<![endif]><o:p><\/o:p><\/span><\/p>\n<p class=MsoNormal style='text-align:justify'><span lang=ES-VE style='font-size:12.0pt;mso-bidi-font-size:10.0pt;font-family:\"Times New Roman\"; mso-ansi-language:ES-VE'>Y luego te vi, Ivancito, por all\u00e1 por los d\u00edas post 27-F, cont\u00e1ndome c\u00f3mo la revoluci\u00f3n hab\u00eda sido truncada, c\u00f3mo t\u00fa y tu Bandera Roja hab\u00edan tratado de sublevar al pueblo miope e inerte prometiendo reformas y justicia. Y reflexionabas con rabia la traici\u00f3n de la gente indispuesta a enderezar a balazos el curso de una historia chueca y manipuladora. Y apretabas los dientes y frunc\u00edas el ce\u00f1o, prometiendo venganza, prometiendo siempre justicia. <o:p><\/o:p><\/span><\/p>\n<p class=MsoNormal style='text-align:justify'><span lang=ES-VE style='font-size:12.0pt;mso-bidi-font-size:10.0pt;font-family:\"Times New Roman\"; mso-ansi-language:ES-VE'><![if !supportEmptyParas]>&nbsp;<![endif]><o:p><\/o:p><\/span><\/p>\n<p class=MsoNormal style='text-align:justify'><span lang=ES-VE style='font-size:12.0pt;mso-bidi-font-size:10.0pt;font-family:\"Times New Roman\"; mso-ansi-language:ES-VE'>Recuerdo tambi\u00e9n en el a\u00f1o 98 c\u00f3mo me explicabas contento los beneficios de una revoluci\u00f3n pac\u00edfica, la organizaci\u00f3n de los barrios y el pueblo, ahora protagonista. Lo hab\u00edamos logrado, me explicabas, o al menos est\u00e1bamos enrumbados hacia la utop\u00eda deseada. Deb\u00edamos proteger a capa y espada el sistema de reformas contra los fariseos de la oligarqu\u00eda, dec\u00edas, y desenterrar la mala hierba que cund\u00eda en cada rinc\u00f3n de Venezuela. <o:p><\/o:p><\/span><\/p>\n<p class=MsoNormal style='text-align:justify'><span lang=ES-VE style='font-size:12.0pt;mso-bidi-font-size:10.0pt;font-family:\"Times New Roman\"; mso-ansi-language:ES-VE'><![if !supportEmptyParas]>&nbsp;<![endif]><o:p><\/o:p><\/span><\/p>\n<p class=MsoNormal style='text-align:justify'><span lang=ES-VE style='font-size:12.0pt;mso-bidi-font-size:10.0pt;font-family:\"Times New Roman\"; mso-ansi-language:ES-VE'>Tama\u00f1a sorpresa, Iv\u00e1n, cuando te vi en el dos mil, un poco m\u00e1s arreglado, flux pret-\u00e0-porter Dorsay, dici\u00e9ndome que el gobierno los hab\u00eda traicionado en el Congreso, que era un nuevo cogollo y, lo m\u00e1s sorprendente, que el gran candidato era Arias C\u00e1rdenas. Y pintaste con graffiti el centro de Caracas, &#8220;Ch\u00e1vez Neoliberal&#8221; -recuerdo- y tomabas prestados los discursos de tus amigos del IESA para abogar por la privatizaci\u00f3n (<i>parcial<\/i>, recalcabas, <i>par-cial<\/i>) de P.D.V.S.A. Lejos quedaron los d\u00edas de la revoluci\u00f3n y de la justicia. En un mundo global uni-polar, justificabas, el perfil guerrillero estaba agotado, deb\u00edamos luchar por una econom\u00eda estable, fruct\u00edfera, basada en alianzas comerciales.<o:p><\/o:p><\/span><\/p>\n<p class=MsoNormal style='text-align:justify'><span lang=ES-VE style='font-size:12.0pt;mso-bidi-font-size:10.0pt;font-family:\"Times New Roman\"; mso-ansi-language:ES-VE'><![if !supportEmptyParas]>&nbsp;<![endif]><o:p><\/o:p><\/span><\/p>\n<p class=MsoNormal style='text-align:justify'><span lang=ES-VE style='font-size:12.0pt;mso-bidi-font-size:10.0pt;font-family:\"Times New Roman\"; mso-ansi-language:ES-VE'>Luego te perdiste por ah\u00ed por los d\u00edas de Carmona, no te vi demasiado, pero reapareciste marchando e incitando a trancar las calles unos meses m\u00e1s tarde. Te vi tambi\u00e9n tratando de quemar cauchos y alebrestar a la poblaci\u00f3n, &#8220;cansada&#8221;, como me dec\u00edas, &#8220;de un mandatario que les dio la espalda&#8221; en varias manifestaciones, incluso tratando de llevar al traste la reuni\u00f3n de la Cumbre suramericana en el Hilton. <o:p><\/o:p><\/span><\/p>\n<p class=MsoNormal style='text-align:justify'><span lang=ES-VE style='font-size:12.0pt;mso-bidi-font-size:10.0pt;font-family:\"Times New Roman\"; mso-ansi-language:ES-VE'><![if !supportEmptyParas]>&nbsp;<![endif]><o:p><\/o:p><\/span><\/p>\n<p class=MsoNormal style='text-align:justify'><span lang=ES-VE style='font-size:12.0pt;mso-bidi-font-size:10.0pt;font-family:\"Times New Roman\"; mso-ansi-language:ES-VE'>Un poco parad\u00f3jico, no me negar\u00e1s, el verte mezclado con gente que antes eran tus recontra-archi-enemigos. Hablando con Primero Justicia, por ejemplo. O con antiguos l\u00edderes copeyanos, &#8220;unidos por intereses comunes&#8221;, dices. Por supuesto, no quita que unidos al fin.<span style=\"mso-spacerun: yes\">  <\/span><o:p><\/o:p><\/span><\/p>\n<p class=MsoNormal style='text-align:justify'><span lang=ES-VE style='font-size:12.0pt;mso-bidi-font-size:10.0pt;font-family:\"Times New Roman\"; mso-ansi-language:ES-VE'><![if !supportEmptyParas]>&nbsp;<![endif]><o:p><\/o:p><\/span><\/p>\n<p class=MsoNormal style='text-align:justify'><span lang=ES-VE style='font-size:12.0pt;mso-bidi-font-size:10.0pt;font-family:\"Times New Roman\"; mso-ansi-language:ES-VE'>A m\u00ed en lo personal no me preocupa demasiado tu cambio de actitud, no soy qui\u00e9n para juzgar cosas pol\u00edticas de las cuales no s\u00e9 mucho. Pero Iv\u00e1n, s\u00f3lo te escribo para decirte que, en lo que respecta a tu forma de ser, te prefer\u00eda antes, flem\u00e1tico, lleno de vida, queriendo cambiar las cosas. Ahora cuando hablamos, tu tono pedag\u00f3gico soberbio que me explica que no conozco el P.I.B. de alg\u00fan pa\u00eds o las econom\u00edas de mercado es francamente aburrido y poco interesante.<o:p><\/o:p><\/span><\/p>\n<p class=MsoNormal style='text-align:justify'><span lang=ES-VE style='font-size:12.0pt;mso-bidi-font-size:10.0pt;font-family:\"Times New Roman\"; mso-ansi-language:ES-VE'><![if !supportEmptyParas]>&nbsp;<![endif]><o:p><\/o:p><\/span><\/p>\n<p class=MsoNormal style='text-align:justify'><span lang=ES-VE style='font-size:12.0pt;mso-bidi-font-size:10.0pt;font-family:\"Times New Roman\"; mso-ansi-language:ES-VE'>Entonces hoy, mientras te veo llegar a nuestro encuentro en la Torre Polar me pregunto lo que nunca dud\u00e9 de ti: \u00bfSer\u00e1 feliz, Iv\u00e1n? \u00bfAhora, con su cara afeitada, ropa planchada, tatuajes cubiertos, curul prometido en el Congreso post-Chavista: ser\u00e1 feliz? Y lo peor: \u00bfTendr\u00e1 raz\u00f3n, Iv\u00e1n? Y si es cierto lo que dice, \u00bfpor qu\u00e9 me da un brote de p\u00e1nico cada vez que eval\u00fao sus ideas y me imagino el sistema que trata de venderme? Espero que sea ignorancia de mi parte Iv\u00e1n. Todos los hombres se equivocan, todos los pensadores rectifican alguna vez. Pero en tu caso, algo queda, un sentimiento de complicidad, de carta escondida bajo la manga, que ha roto toda la confianza sobre la cual reposaba nuestra amistad.<o:p><\/o:p><\/span><\/p>\n<p class=MsoNormal style='text-align:justify'><span lang=ES-VE style='font-size:12.0pt;mso-bidi-font-size:10.0pt;font-family:\"Times New Roman\"; mso-ansi-language:ES-VE'><![if !supportEmptyParas]>&nbsp;<![endif]><o:p><\/o:p><\/span><\/p>\n<p class=MsoNormal style='text-align:justify'><span lang=ES-VE style='font-size:12.0pt;mso-bidi-font-size:10.0pt;font-family:\"Times New Roman\"; mso-ansi-language:ES-VE'>Lamento decir que no creo que nos veamos mucho de ahora en adelante. Suerte en tus proyectos.<o:p><\/o:p><\/span><\/p>\n<p class=MsoNormal style='text-align:justify'><span lang=ES-VE style='font-size:12.0pt;mso-bidi-font-size:10.0pt;font-family:\"Times New Roman\"; mso-ansi-language:ES-VE'><![if !supportEmptyParas]>&nbsp;<![endif]><o:p><\/o:p><\/span><\/p>\n<p class=MsoNormal style='text-align:justify'><span lang=ES-VE style='font-size:12.0pt;mso-bidi-font-size:10.0pt;font-family:\"Times New Roman\"; mso-ansi-language:ES-VE'>Un saludo,<o:p><\/o:p><\/span><\/p>\n<p class=MsoNormal style='text-align:justify'><span lang=ES-VE style='font-size:12.0pt;mso-bidi-font-size:10.0pt;font-family:\"Times New Roman\"; mso-ansi-language:ES-VE'><![if !supportEmptyParas]>&nbsp;<![endif]><o:p><\/o:p><\/span><\/p>\n<p class=MsoNormal style='text-align:justify'><span lang=ES-VE style='font-size:12.0pt;mso-bidi-font-size:10.0pt;font-family:\"Times New Roman\"; mso-ansi-language:ES-VE'><![if !supportEmptyParas]>&nbsp;<![endif]><o:p><\/o:p><\/span><\/p>\n<p class=MsoNormal style='text-align:justify'><span lang=ES-VE style='font-size:12.0pt;mso-bidi-font-size:10.0pt;font-family:\"Times New Roman\"; mso-ansi-language:ES-VE'>Vicente Ulive-Schnell.<span style=\"mso-spacerun: yes\">  <\/span><o:p><\/o:p><\/span><\/p>\n<p class=MsoNormal style='text-align:justify'><span lang=ES-VE style='font-size:12.0pt;mso-bidi-font-size:10.0pt;font-family:\"Times New Roman\"; mso-ansi-language:ES-VE'><![if !supportEmptyParas]>&nbsp;<![endif]><o:p><\/o:p><\/span><\/p>\n<p class=MsoNormal style='text-align:justify'><span lang=ES-VE style='font-size:12.0pt;mso-bidi-font-size:10.0pt;font-family:\"Times New Roman\"; mso-ansi-language:ES-VE'><![if !supportEmptyParas]>&nbsp;<![endif]><o:p><\/o:p><\/span><\/p>\n<p class=MsoNormal style='text-align:justify'><span lang=ES-VE style='font-size:12.0pt;mso-bidi-font-size:10.0pt;font-family:\"Times New Roman\"; mso-ansi-language:ES-VE'><a href=\"mailto:ulive@free.fr\">ulive@free.fr<\/a> <span style=\"mso-spacerun: yes\"> <\/span><o:p><\/o:p><\/span><\/p>\n<\/p><\/div>\n<p> <\/body> <\/html><\/p>\n","protected":false},"excerpt":{"rendered":"<p>\u00bfD\u00f3nde qued\u00f3 bandera roja? \u00bfCu\u00e1les son sus objetivos? \u00bfAlguien tiene la menor idea?<\/p>\n<p> <img decoding=\"async\" src=\"\/blog\/images\/images2\/banderaroja2.jpeg\"\/> <a href=\"http:\/\/www.moebius77.com\/blog2\/2005\/03\/carta-abierta-a-un-bandera-roja-caraqueno\/\">Continue reading <span class=\"meta-nav\">&rarr;<\/span><\/a><\/p>\n","protected":false},"author":2,"featured_media":0,"comment_status":"open","ping_status":"open","sticky":false,"template":"","format":"standard","meta":{"footnotes":""},"categories":[1],"tags":[],"class_list":["post-158","post","type-post","status-publish","format-standard","hentry","category-antiguas-entradas"],"_links":{"self":[{"href":"http:\/\/www.moebius77.com\/blog2\/wp-json\/wp\/v2\/posts\/158","targetHints":{"allow":["GET"]}}],"collection":[{"href":"http:\/\/www.moebius77.com\/blog2\/wp-json\/wp\/v2\/posts"}],"about":[{"href":"http:\/\/www.moebius77.com\/blog2\/wp-json\/wp\/v2\/types\/post"}],"author":[{"embeddable":true,"href":"http:\/\/www.moebius77.com\/blog2\/wp-json\/wp\/v2\/users\/2"}],"replies":[{"embeddable":true,"href":"http:\/\/www.moebius77.com\/blog2\/wp-json\/wp\/v2\/comments?post=158"}],"version-history":[{"count":0,"href":"http:\/\/www.moebius77.com\/blog2\/wp-json\/wp\/v2\/posts\/158\/revisions"}],"wp:attachment":[{"href":"http:\/\/www.moebius77.com\/blog2\/wp-json\/wp\/v2\/media?parent=158"}],"wp:term":[{"taxonomy":"category","embeddable":true,"href":"http:\/\/www.moebius77.com\/blog2\/wp-json\/wp\/v2\/categories?post=158"},{"taxonomy":"post_tag","embeddable":true,"href":"http:\/\/www.moebius77.com\/blog2\/wp-json\/wp\/v2\/tags?post=158"}],"curies":[{"name":"wp","href":"https:\/\/api.w.org\/{rel}","templated":true}]}}