{"id":144,"date":"2005-01-14T11:02:31","date_gmt":"2005-01-14T11:02:31","guid":{"rendered":"http:\/\/www.moebius77.com\/blog2\/?p=144"},"modified":"2005-01-14T11:02:31","modified_gmt":"2005-01-14T11:02:31","slug":"dos-falacias-venezolanas","status":"publish","type":"post","link":"http:\/\/www.moebius77.com\/blog2\/2005\/01\/dos-falacias-venezolanas\/","title":{"rendered":"Dos falacias venezolanas"},"content":{"rendered":"<p>Quiero presentar entonces, lo que constituyen a mi parecer dos falacias o enga\u00f1os del discurso pol\u00edtico venezolano, falacias ligadas a la respuesta que se supone debemos dar a la pregunta: \u00bfQu\u00e9 opinan de Ch\u00e1vez por all\u00e1 por Francia?<\/p>\n<p> <img decoding=\"async\" src=\"\/blog\/images\/venezuela1.jpeg\" height=70\/><br \/>\n<!--more--><br \/>\n<html xmlns:v=\"urn:schemas-microsoft-com:vml\" xmlns:o=\"urn:schemas-microsoft-com:office:office\" xmlns:w=\"urn:schemas-microsoft-com:office:word\" xmlns=\"http:\/\/www.w3.org\/TR\/REC-html40\"> <head> <meta http-equiv=Content-Type content=\"text\/html; charset=windows-1252\"> <meta name=ProgId content=Word.Document> <meta name=Generator content=\"Microsoft Word 9\"> <meta name=Originator content=\"Microsoft Word 9\"> <link rel=File-List href=\".\/Dos%20falacias%20venezolanas_files\/filelist.xml\"> <link rel=Edit-Time-Data href=\".\/Dos%20falacias%20venezolanas_files\/editdata.mso\"> <!--[if !mso]> \n\n<style> v\\:* {behavior:url(#default#VML);} o\\:* {behavior:url(#default#VML);} w\\:* {behavior:url(#default#VML);} .shape {behavior:url(#default#VML);} <\/style>\n\n <![endif]--> <title>Dos falacias venezolanas<\/title> <!--[if gte mso 9]><xml>  <o:DocumentProperties>   <o:Author>Ulive-Schnell<\/o:Author>   <o:Template>Normal<\/o:Template>   <o:LastAuthor>Ulive-Schnell<\/o:LastAuthor>   <o:Revision>3<\/o:Revision>   <o:TotalTime>182<\/o:TotalTime>   <o:Created>2005-01-14T09:45:00Z<\/o:Created>   <o:LastSaved>2005-01-14T09:55:00Z<\/o:LastSaved>   <o:Pages>3<\/o:Pages>   <o:Words>1437<\/o:Words>   <o:Characters>8191<\/o:Characters>   <o:Lines>68<\/o:Lines>   <o:Paragraphs>16<\/o:Paragraphs>   <o:CharactersWithSpaces>10059<\/o:CharactersWithSpaces>   <o:Version>9.3821<\/o:Version>  <\/o:DocumentProperties> <\/xml><![endif]--><!--[if gte mso 9]><xml>  <w:WordDocument>   <w:HyphenationZone>21<\/w:HyphenationZone>   <w:DrawingGridHorizontalSpacing>1.2 pt<\/w:DrawingGridHorizontalSpacing>   <w:DisplayHorizontalDrawingGridEvery>0<\/w:DisplayHorizontalDrawingGridEvery>   <w:DisplayVerticalDrawingGridEvery>2<\/w:DisplayVerticalDrawingGridEvery>   <w:Compatibility>    <w:FootnoteLayoutLikeWW8\/>    <w:ShapeLayoutLikeWW8\/>    <w:AlignTablesRowByRow\/>    <w:ForgetLastTabAlignment\/>    <w:LayoutRawTableWidth\/>    <w:LayoutTableRowsApart\/>   <\/w:Compatibility>  <\/w:WordDocument> <\/xml><![endif]--> <\/p>\n<style> <!--  \/* Font Definitions *\/ @font-face \t{font-family:\"ACaslon Regular\"; \tpanose-1:0 0 0 0 0 0 0 0 0 0; \tmso-font-charset:0; \tmso-generic-font-family:roman; \tmso-font-format:other; \tmso-font-pitch:variable; \tmso-font-signature:3 0 0 0 1 0;}  \/* Style Definitions *\/ p.MsoNormal, li.MsoNormal, div.MsoNormal \t{mso-style-parent:\"\"; \tmargin:0cm; \tmargin-bottom:.0001pt; \ttext-align:justify; \tmso-pagination:widow-orphan; \tfont-size:12.0pt; \tmso-bidi-font-size:10.0pt; \tfont-family:\"ACaslon Regular\"; \tmso-fareast-font-family:\"Times New Roman\"; \tmso-bidi-font-family:\"Times New Roman\"; \tletter-spacing:1.0pt; \tmso-ansi-language:ES-VE;} h1 \t{mso-style-next:Normal; \tmargin:0cm; \tmargin-bottom:.0001pt; \ttext-align:center; \ttext-indent:36.0pt; \tmso-pagination:widow-orphan; \tpage-break-after:avoid; \tmso-outline-level:1; \tfont-size:12.0pt; \tmso-bidi-font-size:10.0pt; \tfont-family:\"ACaslon Regular\"; \tletter-spacing:1.0pt; \tmso-font-kerning:0pt; \tmso-ansi-language:ES-VE;} a:link, span.MsoHyperlink \t{color:blue; \ttext-decoration:underline; \ttext-underline:single;} a:visited, span.MsoHyperlinkFollowed \t{color:purple; \ttext-decoration:underline; \ttext-underline:single;} p.Head4, li.Head4, div.Head4 \t{mso-style-name:\"Head 4\"; \tmargin:0cm; \tmargin-bottom:.0001pt; \ttext-align:justify; \tmso-pagination:widow-orphan; \tfont-size:12.0pt; \tmso-bidi-font-size:10.0pt; \tfont-family:\"ACaslon Regular\"; \tmso-fareast-font-family:\"Times New Roman\"; \tmso-bidi-font-family:\"Times New Roman\"; \tletter-spacing:1.0pt; \tmso-ansi-language:ES-VE; \tfont-weight:bold; \tmso-bidi-font-weight:normal; \tfont-style:italic; \tmso-bidi-font-style:normal;} p.Quote, li.Quote, div.Quote \t{mso-style-name:Quote; \tmargin-top:0cm; \tmargin-right:28.05pt; \tmargin-bottom:0cm; \tmargin-left:33.6pt; \tmargin-bottom:.0001pt; \ttext-align:justify; \ttext-indent:1.8pt; \tmso-pagination:widow-orphan; \tfont-size:10.0pt; \tfont-family:\"ACaslon Regular\"; \tmso-fareast-font-family:\"Times New Roman\"; \tmso-bidi-font-family:\"Times New Roman\"; \tletter-spacing:1.0pt;} @page Section1 \t{size:21.0cm 842.0pt; \tmargin:70.85pt 3.0cm 70.85pt 3.0cm; \tmso-header-margin:35.45pt; \tmso-footer-margin:35.45pt; \tmso-paper-source:0;} div.Section1 \t{page:Section1;} --> <\/style>\n<p> <\/head> <body lang=EN-US link=blue vlink=purple style='tab-interval:35.4pt'> <\/p>\n<div class=Section1>\n<div style='border:none;border-bottom:solid windowtext .75pt;padding:0cm 0cm 1.0pt 0cm'>\n<h1 style='text-indent:0cm;border:none;mso-border-bottom-alt:solid windowtext .75pt; padding:0cm;mso-padding-alt:0cm 0cm 1.0pt 0cm'><span lang=ES-VE>Dos falacias venezolanas<\/span><\/h1>\n<\/p><\/div>\n<p class=MsoNormal><span lang=ES-VE><![if !supportEmptyParas]>&nbsp;<![endif]><o:p><\/o:p><\/span><\/p>\n<p class=MsoNormal><span lang=ES-VE><!--[if gte vml 1]><v:shapetype id=\"_x0000_t75\"  coordsize=\"21600,21600\" o:spt=\"75\" o:preferrelative=\"t\" path=\"m@4@5l@4@11@9@11@9@5xe\"  filled=\"f\" stroked=\"f\">  <v:stroke joinstyle=\"miter\"\/>  <v:formulas>   <v:f eqn=\"if lineDrawn pixelLineWidth 0\"\/>   <v:f eqn=\"sum @0 1 0\"\/>   <v:f eqn=\"sum 0 0 @1\"\/>   <v:f eqn=\"prod @2 1 2\"\/>   <v:f eqn=\"prod @3 21600 pixelWidth\"\/>   <v:f eqn=\"prod @3 21600 pixelHeight\"\/>   <v:f eqn=\"sum @0 0 1\"\/>   <v:f eqn=\"prod @6 1 2\"\/>   <v:f eqn=\"prod @7 21600 pixelWidth\"\/>   <v:f eqn=\"sum @8 21600 0\"\/>   <v:f eqn=\"prod @7 21600 pixelHeight\"\/>   <v:f eqn=\"sum @10 21600 0\"\/>  <\/v:formulas>  <v:path o:extrusionok=\"f\" gradientshapeok=\"t\" o:connecttype=\"rect\"\/>  <o:lock v:ext=\"edit\" aspectratio=\"t\"\/> <\/v:shapetype><v:shape id=\"_x0000_i1025\" type=\"#_x0000_t75\" style='width:337.5pt;  height:228pt'>  <v:imagedata src=\"http:\/\/ulive.free.fr\/blog\/images\/venezuela1.jpeg\" o:title=\"venezuela1\"\/> <\/v:shape><![endif]--><![if !vml]><img decoding=\"async\" width=450 height=304 src=\"http:\/\/ulive.free.fr\/blog\/images\/venezuela1.jpeg\" v:shapes=\"_x0000_i1025\"><![endif]><\/span><\/p>\n<p> <img decoding=\"async\" src=\"\/blog\/images\/venezuela1.jpeg\" alt=\"\" \/> <\/p>\n<p class=MsoNormal><span lang=ES-VE style='font-size:8.0pt;mso-bidi-font-size: 10.0pt'>Vicente, haci\u00e9ndose el ping\u00fcino.<o:p><\/o:p><\/span><\/p>\n<p class=MsoNormal><span lang=ES-VE><![if !supportEmptyParas]>&nbsp;<![endif]><o:p><\/o:p><\/span><\/p>\n<p class=MsoNormal><span lang=ES-VE>Publicado en:<\/span><\/p>\n<p class=MsoNormal><span lang=ES-VE><a href=\"http:\/\/elnuevocojo.com\/Mambo\/index.php?option=com_content&amp;task=view&amp;id=318&amp;Itemid=92\">El Nuevo Cojo Ilustrado, Enero 2005<\/a> <\/span><\/p>\n<div style='border:none;border-bottom:solid windowtext .75pt;padding:0cm 0cm 1.0pt 0cm'>\n<p class=MsoNormal style='border:none;mso-border-bottom-alt:solid windowtext .75pt; padding:0cm;mso-padding-alt:0cm 0cm 1.0pt 0cm'><span lang=ES-VE><span style=\"mso-spacerun: yes\"> <\/span><\/span><\/p>\n<\/p><\/div>\n<p class=MsoNormal><span lang=ES-VE><![if !supportEmptyParas]>&nbsp;<![endif]><o:p><\/o:p><\/span><\/p>\n<p class=MsoNormal><span lang=ES-VE>Llegan las fiestas navide\u00f1as, aquella \u00e9poca en la cual algunos de nosotros que estamos en el exterior regresamos al pa\u00eds de vacaciones, para compartir con nuestra familia y amigos. As\u00ed, tratas de ser amable y atento con todos, llevando regalos para los panas y varios cuentos para amenizar las reuniones. Sin embargo, a la mitad de la reuni\u00f3n familiar de noche buena, cuando est\u00e1s meneando el segundo g\u00fcisqui o peleando con el gato &#8220;Burbujas&#8221; para que deje de montarse en tu pantal\u00f3n reci\u00e9n planchado, aparece la pregunta fat\u00eddica, formulada por la inevitable t\u00eda Gertrudis:<\/span><\/p>\n<p class=MsoNormal><span lang=ES-VE>-Y dime, Vicente: \u00bfQu\u00e9 dicen de Ch\u00e1vez por all\u00e1 por Francia?<\/span><\/p>\n<p class=MsoNormal><span lang=ES-VE><![if !supportEmptyParas]>&nbsp;<![endif]><o:p><\/o:p><\/span><\/p>\n<p class=MsoNormal><span lang=ES-VE>Es all\u00ed cuando el inconspicuo viajero, que no quer\u00eda m\u00e1s que comer hallacas e ir a la playa un fin de semana, es enfrentado a una retah\u00edla de falacias pol\u00edticas venezolanas que pueden desencadenar una guerra de insultos e improperios, aderezada con platos y vasos volando o causar un pre-infarto al abuelo Cheo. Quiero presentar entonces, lo que constituyen a mi parecer dos falacias o enga\u00f1os del discurso pol\u00edtico venezolano, falacias ligadas a la respuesta que se supone debemos dar a la pregunta de la t\u00eda Gertrudis. <\/span><\/p>\n<p class=MsoNormal><span lang=ES-VE><![if !supportEmptyParas]>&nbsp;<![endif]><o:p><\/o:p><\/span><\/p>\n<p class=MsoNormal style='margin-left:34.8pt'><span lang=ES-VE><span style='mso-tab-count:1'>          <\/span><b>Falacia N\u00b01: &#8220;Todo el mundo gira en torno a la horrible dictadura\/excelente revoluci\u00f3n venezolana&#8221;<o:p><\/o:p><\/b><\/span><\/p>\n<p class=MsoNormal><span lang=ES-VE>El problema de responder \u00e9sta o cualquier otra pregunta es que la gente no te crea lo que le dices. Cuando digo que en Francia no dicen nada de Ch\u00e1vez, simplemente porque Ch\u00e1vez o Venezuela no son noticia, la t\u00eda Gertrudis pone los ojos chinitos, arruga la frente y me dice que no entiende. \u00bfC\u00f3mo es posible -reflexiona ella en voz alta-, que no se hable de los atropellos gubernamentales, del &#8220;fraude&#8221; electoral, de la ley mordaza? All\u00ed la cosa se pone complicada, ya que a pesar de que le expliques que la prensa francesa public\u00f3 la noticia, es decir, &#8220;el CNE, el Centro Carter y la OEA avalan el triunfo del No&#8221;, mi t\u00eda Gertrudis sigue empe\u00f1ada en que Francia, el pa\u00eds de los Derechos Humanos, deber\u00eda intervenir para destituir al Presidente de Venezuela, planteamiento que le parece sumamente democr\u00e1tico y coherente. Para mi t\u00eda, es obvio que cada detalle representa un hecho inaceptable que marca no s\u00f3lo la historia venezolana sino la historia mundial, de all\u00ed que ella no entienda por qu\u00e9 Europa no &#8220;se pronuncia&#8221; en el caso Venezuela. <\/span><\/p>\n<p class=MsoNormal><span lang=ES-VE><![if !supportEmptyParas]>&nbsp;<![endif]><o:p><\/o:p><\/span><\/p>\n<p class=MsoNormal><span lang=ES-VE>En este sentido, mientras en Ucrania est\u00e1n al borde de una guerra civil, en Costa de Marfil est\u00e1n matando franceses, en Irak explotan bombas todos los d\u00edas y en Par\u00eds se muere Arafat bajo sospechas de envenenamiento; es rid\u00edculo que yo tenga que aclararle a la t\u00eda que colocar en la primera plana de <i>Le Monde <\/i>o <i>Le Figaro<\/i> &#8220;se queman las torres de Parque Central&#8221; implicar\u00eda un boicot tan grande al peri\u00f3dico que mayo del sesenta y ocho parecer\u00eda una pelea entre estudiantes al lado de la indignaci\u00f3n y la sorna general que tal noticia despertar\u00eda en la poblaci\u00f3n. <\/span><\/p>\n<p class=MsoNormal><span lang=ES-VE><![if !supportEmptyParas]>&nbsp;<![endif]><o:p><\/o:p><\/span><\/p>\n<p class=MsoNormal><span lang=ES-VE>Mi t\u00eda sigue impert\u00e9rrita, explic\u00e1ndome que en las torres se encontraban las pruebas del fraude electoral que los chavistas pretend\u00edan quemar y que nos encontramos ante una de las estafas pol\u00edticas m\u00e1s grandes del siglo en Latinoam\u00e9rica. Yo por mi parte, comienzo a ojear el ponche crema que est\u00e1 tomando la t\u00eda, buscando rastros de LSD o ajenjo, en el mejor de los casos. In\u00fatil explicar, apelando al sentido com\u00fan, que hace unos meses suspendieron a un periodista en Francia por decir &#8220;Alain Jupp\u00e9 se retira de la vida pol\u00edtica&#8221;, cuando lo que Jupp\u00e9 dijo fue &#8220;me retiro <i>paulatinamente<\/i> de la vida pol\u00edtica&#8221;. Este caso fue tan &#8220;grave&#8221; que oblig\u00f3 a renunciar al presidente de la cadena <i>France 2<\/i>, aparte de tener que excusarse p\u00fablicamente. Ahora bien, querido lector, una pregunta est\u00fapida: Si &#8220;se retira&#8221; en vez de &#8220;se retira paulatinamente&#8221; conduce a la renuncia del presidente de la televisora, \u00bfqu\u00e9 suceder\u00eda si, como arguye mi t\u00eda, la televisora declara que &#8220;hubo fraude&#8221; en Venezuela, o que &#8220;quemaron las pruebas&#8221; en Parque Central, etc., etc., etc&#8230; <\/span><\/p>\n<p class=MsoNormal><span lang=ES-VE><![if !supportEmptyParas]>&nbsp;<![endif]><o:p><\/o:p><\/span><\/p>\n<p class=MsoNormal><span lang=ES-VE>Sin embargo, aparece un t\u00edo que, ante la griter\u00eda de mi t\u00eda, le dice que se calme, que no me &#8220;pare bolas&#8221;, que yo soy &#8220;chavista&#8221;. Esa es, probablemente, otra falacia oculta, algo que podr\u00eda formularse como: &#8220;El que usa el sentido com\u00fan o alg\u00fan otro tipo de razonamiento y no se traga nuestros argumentos por m\u00e1s descabellados que sean, es chavista&#8221;. Como dicen los gringos: <i>for the record<\/i>, no soy chavista, pero me niego a hipotecar la raz\u00f3n, que es lo \u00faltimo que me (nos) queda. <\/span><\/p>\n<p class=MsoNormal><span lang=ES-VE><![if !supportEmptyParas]>&nbsp;<![endif]><o:p><\/o:p><\/span><\/p>\n<h1 style='text-align:justify'><span lang=ES-VE>Falacia N\u00b02: &#8220;T\u00fa no sabes porque t\u00fa no est\u00e1s aqu\u00ed&#8221;.<\/span><\/h1>\n<p class=MsoNormal><span lang=ES-VE>El cap\u00edtulo con mi t\u00eda lo borro de mi memoria y lo atribuyo a un grado elevado de senilidad (o al LSD que no encontr\u00e9), y busco refugio en los panas, siempre comprensivos, siempre solidarios. A nivel de la tercera birra y la segunda mano de domin\u00f3, vuelve a aparecer un jet\u00f3n que dice: &#8220;\u00bfQu\u00e9 opinas de Venezuela?&#8221;, con un &#8220;\u00bfaaaah?&#8221; alargado al final de la pregunta que te alerta que tienes que tener cuidado para no decir otra burrada. Trato de &#8220;irme por la tangente&#8221;, como dicen, respondiendo que el ron es mejor en Venezuela que all\u00e1 pero el pat\u00e9 no; o alguna otra estupidez que se me ocurre en el momento. <\/span><\/p>\n<p class=MsoNormal><span lang=ES-VE><![if !supportEmptyParas]>&nbsp;<![endif]><o:p><\/o:p><\/span><\/p>\n<p class=MsoNormal><span lang=ES-VE>Sin embargo, el viajero vuelve a chocar con la sociedad venezolana cuando aplica la sensatez o la experiencia en el exterior a lo que sucede en el pa\u00eds. Como cuando, honestamente y sin \u00e1nimos de ofender a quien fuera, exclam\u00e9 en casa ajena que habr\u00eda que ser est\u00fapido para creer el reportaje que pretend\u00edan pasar comparando a Augusto Pinochet con Ch\u00e1vez en Globovisi\u00f3n. Repentinamente, se apagaron las gaitas y hasta el perro de la casa me estaba mirando feo. <\/span><\/p>\n<p class=MsoNormal><span lang=ES-VE>-Pero, Vicente, si es lo mismo -replic\u00f3 la do\u00f1a de la casa. \u00bfQu\u00e9 pod\u00eda hacer? \u00bfQu\u00e9 se le dice a alguien que afirma -como lo escuch\u00e9- que el gobierno de Venezuela es igual al gobierno isl\u00e1mico de Ir\u00e1n? Bueno, como no ten\u00eda muchas ganas de caerme a disparates, me call\u00e9 y fui a la cocina a buscar rastros de LSD en el pan de jam\u00f3n, la \u00fanica explicaci\u00f3n a la conversaci\u00f3n que acab\u00e1bamos de llevar a cabo.<\/span><\/p>\n<p class=MsoNormal><span lang=ES-VE><![if !supportEmptyParas]>&nbsp;<![endif]><o:p><\/o:p><\/span><\/p>\n<p class=MsoNormal><span lang=ES-VE>Luego aparecen los problemas de afirmaci\u00f3n, como cuando dices que si en Francia a alguien se le ocurre siquiera remotamente la brillante idea de secuestrar un barco petrolero &#8220;hasta que se vaya el presidente&#8221;, lo m\u00ednimo que le dan son veinte a\u00f1os de c\u00e1rcel, si es que llega a sobrevivir al asalto donde hasta el S.S. De Gaulle le tiran encima. O se\u00f1alas el contrasentido sin precedente en la historia mundial de afirmar &#8220;en el pa\u00eds no hay libertad de expresi\u00f3n&#8221;, vali\u00e9ndote justamente de dicha libertad para hacerlo. <\/span><\/p>\n<p class=MsoNormal><span lang=ES-VE><![if !supportEmptyParas]>&nbsp;<![endif]><o:p><\/o:p><\/span><\/p>\n<p class=MsoNormal><span lang=ES-VE>Se acaban los argumentos, se hipoteca la raz\u00f3n y aparece la segunda falacia: &#8220;Lo que pasa es que t\u00fa no est\u00e1s aqu\u00ed, por eso no entiendes&#8221;. Debe ser eso, debe ser que hay que &#8220;estar ah\u00ed&#8221; y derretirse el cerebro a punta de telenovelas para entender lo democr\u00e1tico de trancar una calle a la fuerza o cerrar locales comerciales. Exclamo mi indignaci\u00f3n, y me responden que &#8220;no estoy all\u00ed&#8221;. Igualmente me pasa con mis amigos chavistas, quienes me explican que no entiendo &#8220;la arrechera&#8221; que les dio el paro petrolero y que se supone entonces que debo alegrarme cada vez que botan a un ingeniero o empleado de PDVSA porque firm\u00f3 o dijo que opinaba de otra manera. Lamentablemente, cada vez los chavistas me a\u00edslan m\u00e1s y se cierran sobre s\u00ed mismos, simplemente porque el &#8220;pueblo&#8221; no se va a Francia a estudiar Filosof\u00eda. Cosas de la vida.<\/span><\/p>\n<p class=MsoNormal><span lang=ES-VE><![if !supportEmptyParas]>&nbsp;<![endif]><o:p><\/o:p><\/span><\/p>\n<p class=MsoNormal><span lang=ES-VE>Quisiera terminar entonces con una pregunta a todos aquellos que creen que &#8220;hay que estar all\u00ed&#8221; para entender las cosas, aquellos que creen que los franceses no opinan sobre Venezuela porque &#8220;no est\u00e1n all\u00ed&#8221; para ver los abusos del gobierno, en vez de pensar que tal vez, por primera vez en la vida, sea el resto del mundo el que tiene la raz\u00f3n y la sensatez y los venezolanos los que estamos delirando. Mi pregunta es, \u00bfd\u00f3nde exactamente es que &#8220;tengo&#8221; que estar? \u00bfEn Altamira, con mis amigos de oposici\u00f3n? \u00bfEs all\u00ed donde se ve la verdad de las cosas? \u00bfEn Cotiza, en la mitad del barrio? \u00bfEn Mamera? \u00bfD\u00f3nde exactamente es que &#8220;tengo&#8221; que estar para que lo que diga suene razonable? \u00bfQui\u00e9n conoce la verdad de Venezuela, &#8220;lo que pasa&#8221; que yo no veo? \u00bfMi amigo que va de Prados del Este a la Cat\u00f3lica y de all\u00ed a Las Mercedes? \u00bf\u00c9l &#8220;entiende&#8221; al pa\u00eds? <\/span><\/p>\n<p class=MsoNormal><span lang=ES-VE><![if !supportEmptyParas]>&nbsp;<![endif]><o:p><\/o:p><\/span><\/p>\n<p class=MsoNormal><span lang=ES-VE>Que yo sepa, la \u00faltima vez que revis\u00e9, los argumentos y las opiniones eran independientes del &#8220;sitio&#8221; donde se emitan, sobre todo si se trata de algo tan objetivo como discutir una ley o un derecho a marchar, a manifestar, a hacer pol\u00edtica. La \u00fanica &#8220;verdad&#8221; de todo es que si seguimos as\u00ed y nos ponemos necios (algo de lo cual s\u00e9 bastante), nadie podr\u00eda opinar de nada, ni del conflicto en Palestina, ni de la guerra en Irak, ni de la Seguridad Social en Los Estados Unidos de Norteam\u00e9rica. La ridiculez no tiene l\u00edmite, sigo empe\u00f1ado en ser necio y decir que incluso alguien de New York no &#8220;sabe&#8221; lo que pasa en California y por lo tanto tampoco deber\u00eda opinar. A fin de cuentas, \u00bfqu\u00e9 s\u00e9 yo de algo? La segunda falacia me obliga a admitir que de lo \u00fanico de lo cual puedo discutir es de mi casa, de mi calle y de mi trayecto de Metro, en el mejor de los casos.<\/span><\/p>\n<p class=MsoNormal><span lang=ES-VE><![if !supportEmptyParas]>&nbsp;<![endif]><o:p><\/o:p><\/span><\/p>\n<p class=MsoNormal><span lang=ES-VE>Los venezolanos hemos logrado llegar a tal grado de estupidez discursiva que ya no existe ning\u00fan tipo de discusi\u00f3n. La gente se pone de acuerdo en una l\u00f3gica consensual para ratificar sus obsesiones y delirios pol\u00edticos. Apenas aparece alguien quien hace una pregunta sensata, se le acusa de pertenecer al otro bando, o cuando esto es imposible, se recurre a las falacias antes mencionadas para no aceptar, al igual que el cuento de las ropas del Rey, que estamos equivocados. <\/span><\/p>\n<p class=MsoNormal><span lang=ES-VE><![if !supportEmptyParas]>&nbsp;<![endif]><o:p><\/o:p><\/span><\/p>\n<p class=MsoNormal><span lang=ES-VE>Esta es la traba pol\u00edtica m\u00e1s importante a la cual se enfrenta la sociedad venezolana actualmente. <\/span><\/p>\n<p class=MsoNormal><span lang=ES-VE><![if !supportEmptyParas]>&nbsp;<![endif]><o:p><\/o:p><\/span><\/p>\n<p class=MsoNormal align=right style='text-align:right'><span lang=ES-VE>Vicente Ulive-Schnell<\/span><\/p>\n<\/p><\/div>\n<p> <\/body> <\/html><\/p>\n","protected":false},"excerpt":{"rendered":"<p>Quiero presentar entonces, lo que constituyen a mi parecer dos falacias o enga\u00f1os del discurso pol\u00edtico venezolano, falacias ligadas a la respuesta que se supone debemos dar a la pregunta: \u00bfQu\u00e9 opinan de Ch\u00e1vez por all\u00e1 por Francia?<\/p>\n<p> <img decoding=\"async\" src=\"\/blog\/images\/venezuela1.jpeg\" height=70\/> <a href=\"http:\/\/www.moebius77.com\/blog2\/2005\/01\/dos-falacias-venezolanas\/\">Continue reading <span class=\"meta-nav\">&rarr;<\/span><\/a><\/p>\n","protected":false},"author":2,"featured_media":0,"comment_status":"open","ping_status":"open","sticky":false,"template":"","format":"standard","meta":{"footnotes":""},"categories":[1],"tags":[],"class_list":["post-144","post","type-post","status-publish","format-standard","hentry","category-antiguas-entradas"],"_links":{"self":[{"href":"http:\/\/www.moebius77.com\/blog2\/wp-json\/wp\/v2\/posts\/144","targetHints":{"allow":["GET"]}}],"collection":[{"href":"http:\/\/www.moebius77.com\/blog2\/wp-json\/wp\/v2\/posts"}],"about":[{"href":"http:\/\/www.moebius77.com\/blog2\/wp-json\/wp\/v2\/types\/post"}],"author":[{"embeddable":true,"href":"http:\/\/www.moebius77.com\/blog2\/wp-json\/wp\/v2\/users\/2"}],"replies":[{"embeddable":true,"href":"http:\/\/www.moebius77.com\/blog2\/wp-json\/wp\/v2\/comments?post=144"}],"version-history":[{"count":0,"href":"http:\/\/www.moebius77.com\/blog2\/wp-json\/wp\/v2\/posts\/144\/revisions"}],"wp:attachment":[{"href":"http:\/\/www.moebius77.com\/blog2\/wp-json\/wp\/v2\/media?parent=144"}],"wp:term":[{"taxonomy":"category","embeddable":true,"href":"http:\/\/www.moebius77.com\/blog2\/wp-json\/wp\/v2\/categories?post=144"},{"taxonomy":"post_tag","embeddable":true,"href":"http:\/\/www.moebius77.com\/blog2\/wp-json\/wp\/v2\/tags?post=144"}],"curies":[{"name":"wp","href":"https:\/\/api.w.org\/{rel}","templated":true}]}}